{"id":131352,"date":"2008-05-30T19:35:30","date_gmt":"2008-05-30T22:35:30","guid":{"rendered":"https:\/\/fpabramo.org.br\/nordeste-ambiente-para-um-novo-projeto-de-desenvolvimento\/"},"modified":"2026-03-14T21:24:08","modified_gmt":"2026-03-15T00:24:08","slug":"nordeste-ambiente-para-um-novo-projeto-de-desenvolvimento","status":"publish","type":"post","link":"https:\/\/fpabramo.org.br\/es\/nordeste-ambiente-para-um-novo-projeto-de-desenvolvimento\/","title":{"rendered":"Nordeste: ambiente para um novo Projeto de Desenvolvimento"},"content":{"rendered":"<\/p>\n<p>\u00abNordeste: ambiente para um novo Projeto de Desenvolvimento\u00bb, por Tania Bacelar<\/p>\n<p>A professora Tania Bacelar apresentou o painel NORDESTE: ambiente para um novo Projeto de Desenvolvimento, sobre a situa\u00e7\u00e3o e as perspectivas do Nordeste brasileiro, durante o semin\u00e1rio O novo Nordeste e o Brasil, promovido pela Funda\u00e7\u00e3o Perseu Abramo nos dias 15, 16 e 17 de maio, na Universidade Federal do Piau\u00ed, em Teresina. Veja a apresenta\u00e7\u00e3o em Powerpoint clicando aqui\u00bbNordeste: ambiente para um novo Projeto de Desenvolvimento\u00bb, por Tania Bacelar A professora Tania Bacelar apresentou o painel <em>NORDESTE: ambiente para um novo Projeto de Desenvolvimento<\/em>, sobre a situa\u00e7\u00e3o e as perspectivas do Nordeste brasileiro, durante o semin\u00e1rio <em>O novo Nordeste e o Brasil<\/em>, promovido pela Funda\u00e7\u00e3o Perseu Abramo nos dias 15, 16 e 17 de maio, na Universidade Federal do Piau\u00ed, em Teresina. Durante sua apresenta\u00e7\u00e3o a professora falou sobre a inser\u00e7\u00e3o do Nordeste no ambiente nacional, sobre as oportunidades e desafios para um desenvolvimento sustent\u00e1vel, e a respeito da inclus\u00e3o do Nordeste nas tend\u00eancias recentes, al\u00e9m de apresentar n\u00fameros das \u00e1reas s\u00f3cio-econ\u00f4micas da regi\u00e3o.<\/p>\n<p><em>Veja a apresenta\u00e7\u00e3o em Powerpoint clicando <a href=\"http:\/\/www2.fpa.org.br\/portal\/modules\/wfdownloads\/visit.php?cid=70&amp;lid=395\" target=\"_blank\" rel=\"noopener\">aqui<\/a>.<\/em> <span style=\"text-indent: 20px;width: auto;padding: 0px 4px 0px 0px;text-align: center;font: bold 11px\/20px 'Helvetica Neue',Helvetica,sans-serif;color: #ffffff;background: #bd081c  no-repeat scroll 3px 50% \/ 14px 14px;cursor: pointer\">Salvar<\/span><\/p>\n<p><span style=\"text-indent: 20px;width: auto;padding: 0px 4px 0px 0px;text-align: center;font: bold 11px\/20px 'Helvetica Neue',Helvetica,sans-serif;color: #ffffff;background: #bd081c  no-repeat scroll 3px 50% \/ 14px 14px;cursor: pointer\">Salvar<\/span><\/p><\/p>\n","protected":false},"excerpt":{"rendered":"<p>A professora Tania Bacelar apresentou o painel NORDESTE: ambiente para um novo Projeto de Desenvolvimento, sobre a situa\u00e7\u00e3o e as perspectivas do Nordeste brasileiro, durante o semin\u00e1rio O novo Nordeste e o Brasil, promovido pela Funda\u00e7\u00e3o Perseu Abramo nos dias 15, 16 e 17 de maio, na Universidade Federal do Piau\u00ed, em Teresina.<\/p>\n","protected":false},"author":96,"featured_media":0,"comment_status":"closed","ping_status":"closed","sticky":false,"template":"","format":"standard","meta":{"_eb_attr":"","footnotes":""},"categories":[90],"tags":[7365],"area":[6487],"coluna":[],"edicao":[],"localidade":[],"marcador_especial":[],"projeto":[],"tema":[199],"coauthors":[7007],"class_list":["post-131352","post","type-post","status-publish","format-standard","hentry","category-noticias","tag-territorio","area-site-principal","tema-economia"],"ai_analise_foto_capa":"","ai_analise_outros_anexos":"","_links":{"self":[{"href":"https:\/\/fpabramo.org.br\/es\/wp-json\/wp\/v2\/posts\/131352","targetHints":{"allow":["GET"]}}],"collection":[{"href":"https:\/\/fpabramo.org.br\/es\/wp-json\/wp\/v2\/posts"}],"about":[{"href":"https:\/\/fpabramo.org.br\/es\/wp-json\/wp\/v2\/types\/post"}],"author":[{"embeddable":true,"href":"https:\/\/fpabramo.org.br\/es\/wp-json\/wp\/v2\/users\/96"}],"replies":[{"embeddable":true,"href":"https:\/\/fpabramo.org.br\/es\/wp-json\/wp\/v2\/comments?post=131352"}],"version-history":[{"count":0,"href":"https:\/\/fpabramo.org.br\/es\/wp-json\/wp\/v2\/posts\/131352\/revisions"}],"wp:attachment":[{"href":"https:\/\/fpabramo.org.br\/es\/wp-json\/wp\/v2\/media?parent=131352"}],"wp:term":[{"taxonomy":"category","embeddable":true,"href":"https:\/\/fpabramo.org.br\/es\/wp-json\/wp\/v2\/categories?post=131352"},{"taxonomy":"post_tag","embeddable":true,"href":"https:\/\/fpabramo.org.br\/es\/wp-json\/wp\/v2\/tags?post=131352"},{"taxonomy":"area","embeddable":true,"href":"https:\/\/fpabramo.org.br\/es\/wp-json\/wp\/v2\/area?post=131352"},{"taxonomy":"coluna","embeddable":true,"href":"https:\/\/fpabramo.org.br\/es\/wp-json\/wp\/v2\/coluna?post=131352"},{"taxonomy":"edicao","embeddable":true,"href":"https:\/\/fpabramo.org.br\/es\/wp-json\/wp\/v2\/edicao?post=131352"},{"taxonomy":"localidade","embeddable":true,"href":"https:\/\/fpabramo.org.br\/es\/wp-json\/wp\/v2\/localidade?post=131352"},{"taxonomy":"marcador_especial","embeddable":true,"href":"https:\/\/fpabramo.org.br\/es\/wp-json\/wp\/v2\/marcador_especial?post=131352"},{"taxonomy":"projeto","embeddable":true,"href":"https:\/\/fpabramo.org.br\/es\/wp-json\/wp\/v2\/projeto?post=131352"},{"taxonomy":"tema","embeddable":true,"href":"https:\/\/fpabramo.org.br\/es\/wp-json\/wp\/v2\/tema?post=131352"},{"taxonomy":"author","embeddable":true,"href":"https:\/\/fpabramo.org.br\/es\/wp-json\/wp\/v2\/coauthors?post=131352"}],"curies":[{"name":"wp","href":"https:\/\/api.w.org\/{rel}","templated":true}]}}