{"id":115533,"date":"2026-01-03T17:32:29","date_gmt":"2026-01-03T20:32:29","guid":{"rendered":"https:\/\/fpabramo.org.br\/2026\/01\/03\/nota-da-frente-ampla-uruguay-sobre-a-invasao-da-venezuela\/"},"modified":"2026-03-16T13:31:59","modified_gmt":"2026-03-16T16:31:59","slug":"nota-da-frente-ampla-uruguay-sobre-a-invasao-da-venezuela","status":"publish","type":"post","link":"https:\/\/fpabramo.org.br\/es\/nota-da-frente-ampla-uruguay-sobre-a-invasao-da-venezuela\/","title":{"rendered":"Nota do Secretariado Executivo Frente Ampla &#8211; Uruguay, sobre a invas\u00e3o da Venezuela"},"content":{"rendered":"\n<p>En la madrugada de hoy el gobierno de Donald Trump llev\u00f3 adelante una invasi\u00f3n contra la Rep\u00fablica Bolivariana de Venezuela. Nuestra fuerza pol\u00edtica repudia esta agresi\u00f3n que constituye una amenaza para la paz en toda nuestra regi\u00f3n.<\/p>\n\n\n<p>Repudiamos la agresi\u00f3n y nos solidarizamos con el pueblo de Venezuela ante este hecho que constituye un antes y un despu\u00e9s en la regi\u00f3n.<\/p>\n\n\n<p>La invasi\u00f3n a Venezuela es violatoria del Derecho Internacional y el sistema multilateral que los pa\u00edses se dieron para garantizar la paz. El objetivo de las fuerza agresora es disponer de los recursos estrat\u00e9gicos con los que cuenta nuestro pa\u00eds hermano.<\/p>\n\n\n<p>Nuestra fuerza pol\u00edtica refirma una vez m\u00e1s sus car\u00e1cter antimeprialista y su compromiso con la paz. Exhortamos a todo el sistema pol\u00edtico a pronunciarse de forma contundente contra estos hechos aberrantes.<\/p>\n\n\n<p>\u00a1Paz en Venezuela!<br>\u00a1Paz en Am\u00e9rica Latina!<br>SECRETARIADO EJECUTIVO<br>Montevideo, Uruguay. 3 de enero 2026<\/p>\n","protected":false},"excerpt":{"rendered":"<p>En la madrugada de hoy el gobierno de Donald Trump llev\u00f3 adelante una invasi\u00f3n contra la Rep\u00fablica Bolivariana de Venezuela. Nuestra fuerza pol\u00edtica repudia esta agresi\u00f3n que constituye una amenaza para la paz en toda nuestra regi\u00f3n. Repudiamos la agresi\u00f3n y nos solidarizamos con el pueblo de Venezuela ante este hecho que constituye un antes [&hellip;]<\/p>\n","protected":false},"author":92,"featured_media":131497,"comment_status":"closed","ping_status":"closed","sticky":false,"template":"","format":"standard","meta":{"_eb_attr":"","footnotes":""},"categories":[90],"tags":[8340,8341,8342,6622],"area":[123],"coluna":[],"edicao":[],"localidade":[7426,7428],"marcador_especial":[],"projeto":[],"tema":[209,223,229],"coauthors":[7007],"class_list":["post-115533","post","type-post","status-publish","format-standard","has-post-thumbnail","hentry","category-noticias","tag-destaques","tag-cap-emilio","tag-eua","tag-venezuela","area-cooperacao-internacional","localidade-eeuu","localidade-venezuela","tema-internacional","tema-politica-exterior","tema-sociedad"],"ai_analise_foto_capa":"*T\u00edtulo*: Venezuela: Contra Invas\u00e3o, Por Soberania, Solidariedade e Paz\n*Resumo Sem\u00e2ntico*: A imagem apresenta a bandeira da Venezuela ondulando, simbolizando a na\u00e7\u00e3o, com um texto em branco sobreposto em espanhol que proclama: \"En contra de la invasi\u00f3n a Venezuela \/ Por la solidaridad con su pueblo \/ Por la soberan\u00eda y la paz\" (Contra a invas\u00e3o \u00e0 Venezuela \/ Pela solidariedade com seu povo \/ Pela soberania e a paz). A mensagem \u00e9 clara, urgente e carregada de um sentimento de indigna\u00e7\u00e3o contra qualquer forma de interven\u00e7\u00e3o externa, ao mesmo tempo que evoca solidariedade e defende os princ\u00edpios fundamentais de soberania e paz. No canto inferior direito, um logotipo estilizado (similar ao da Funda\u00e7\u00e3o Perseu Abramo) com as cores vermelho, branco e amarelo refor\u00e7a o contexto pol\u00edtico e ideol\u00f3gico da publica\u00e7\u00e3o, alinhado com uma perspectiva progressista e anti-imperialista. O p\u00fablico-alvo prov\u00e1vel inclui ativistas, defensores dos direitos humanos, analistas pol\u00edticos, simpatizantes da autodetermina\u00e7\u00e3o dos povos e leitores interessados em quest\u00f5es de geopol\u00edtica e rela\u00e7\u00f5es internacionais da Am\u00e9rica Latina.\n*Descri\u00e7\u00e3o SEO*: Imagem impactante da bandeira da Venezuela com mensagem \"Contra a invas\u00e3o, por solidariedade e paz\". Arte visual de capa da Funda\u00e7\u00e3o Perseu Abramo (FPA) defendendo a soberania venezuelana. Ideal para publica\u00e7\u00f5es sobre geopol\u00edtica, Am\u00e9rica Latina, direitos humanos, movimentos sociais e rela\u00e7\u00f5es internacionais. Destaca o posicionamento contra interven\u00e7\u00f5es externas e a favor da autodetermina\u00e7\u00e3o dos povos, refor\u00e7ando a luta pela paz e soberania.\n*Texto na Imagem*: En contra de la invasi\u00f3n a Venezuela \/ Por la solidaridad con su pueblo \/ Por la soberan\u00eda y la paz\n*Elementos Visuais*: Cores predominantes: Amarelo (faixa superior da bandeira), azul (faixa central da bandeira), vermelho (faixa inferior da bandeira), branco (estrelas da bandeira, texto) e amarelo (no logotipo). Pessoas: Nenhuma. Objetos: Bandeira da Venezuela. S\u00edmbolos: Oito estrelas brancas organizadas em um semic\u00edrculo na faixa azul da bandeira venezuelana. Logotipo estilizado da Funda\u00e7\u00e3o Perseu Abramo (FPA) em um ret\u00e2ngulo com as cores vermelho, branco e amarelo, posicionado no canto inferior direito.\n*Keywords*: Venezuela, bandeira, invas\u00e3o, solidariedade, soberania, paz, Funda\u00e7\u00e3o Perseu Abramo, geopol\u00edtica, Am\u00e9rica Latina, anti-imperialismo, movimentos sociais, rela\u00e7\u00f5es internacionais, pol\u00edtica, autodetermina\u00e7\u00e3o, resist\u00eancia.\n*Hashtags*: #VenezuelaLivre, #SolidariedadeComVenezuela, #SoberaniaNacional, #PazNaVenezuela, #ForaInvasao, #AmericaLatina, #Geopolitica, #FundacaoPerseuAbramo, #NaoAIntervencao, #ResistenciaPopular","ai_analise_outros_anexos":"","_links":{"self":[{"href":"https:\/\/fpabramo.org.br\/es\/wp-json\/wp\/v2\/posts\/115533","targetHints":{"allow":["GET"]}}],"collection":[{"href":"https:\/\/fpabramo.org.br\/es\/wp-json\/wp\/v2\/posts"}],"about":[{"href":"https:\/\/fpabramo.org.br\/es\/wp-json\/wp\/v2\/types\/post"}],"author":[{"embeddable":true,"href":"https:\/\/fpabramo.org.br\/es\/wp-json\/wp\/v2\/users\/92"}],"replies":[{"embeddable":true,"href":"https:\/\/fpabramo.org.br\/es\/wp-json\/wp\/v2\/comments?post=115533"}],"version-history":[{"count":0,"href":"https:\/\/fpabramo.org.br\/es\/wp-json\/wp\/v2\/posts\/115533\/revisions"}],"wp:featuredmedia":[{"embeddable":true,"href":"https:\/\/fpabramo.org.br\/es\/wp-json\/wp\/v2\/media\/131497"}],"wp:attachment":[{"href":"https:\/\/fpabramo.org.br\/es\/wp-json\/wp\/v2\/media?parent=115533"}],"wp:term":[{"taxonomy":"category","embeddable":true,"href":"https:\/\/fpabramo.org.br\/es\/wp-json\/wp\/v2\/categories?post=115533"},{"taxonomy":"post_tag","embeddable":true,"href":"https:\/\/fpabramo.org.br\/es\/wp-json\/wp\/v2\/tags?post=115533"},{"taxonomy":"area","embeddable":true,"href":"https:\/\/fpabramo.org.br\/es\/wp-json\/wp\/v2\/area?post=115533"},{"taxonomy":"coluna","embeddable":true,"href":"https:\/\/fpabramo.org.br\/es\/wp-json\/wp\/v2\/coluna?post=115533"},{"taxonomy":"edicao","embeddable":true,"href":"https:\/\/fpabramo.org.br\/es\/wp-json\/wp\/v2\/edicao?post=115533"},{"taxonomy":"localidade","embeddable":true,"href":"https:\/\/fpabramo.org.br\/es\/wp-json\/wp\/v2\/localidade?post=115533"},{"taxonomy":"marcador_especial","embeddable":true,"href":"https:\/\/fpabramo.org.br\/es\/wp-json\/wp\/v2\/marcador_especial?post=115533"},{"taxonomy":"projeto","embeddable":true,"href":"https:\/\/fpabramo.org.br\/es\/wp-json\/wp\/v2\/projeto?post=115533"},{"taxonomy":"tema","embeddable":true,"href":"https:\/\/fpabramo.org.br\/es\/wp-json\/wp\/v2\/tema?post=115533"},{"taxonomy":"author","embeddable":true,"href":"https:\/\/fpabramo.org.br\/es\/wp-json\/wp\/v2\/coauthors?post=115533"}],"curies":[{"name":"wp","href":"https:\/\/api.w.org\/{rel}","templated":true}]}}