{"id":142359,"date":"2026-02-19T15:49:47","date_gmt":"2026-02-19T18:49:47","guid":{"rendered":"https:\/\/fpabramo.org.br\/voto-popular-e-os-territorios-no-centro-da-politica\/"},"modified":"2026-03-31T15:58:15","modified_gmt":"2026-03-31T18:58:15","slug":"voto-popular-e-os-territorios-no-centro-da-politica","status":"publish","type":"post","link":"https:\/\/fpabramo.org.br\/en\/voto-popular-e-os-territorios-no-centro-da-politica\/","title":{"rendered":"Revista fala da organiza\u00e7\u00e3o das periferias para a disputa eleitoral"},"content":{"rendered":"\n<p>A revista <strong>Reconex\u00e3o Periferias<\/strong> traz <a href=\"https:\/\/fpabramo.org.br\/reconexaoperiferias\/revista\/edicao\/janeiro-fevereiro-2026\/\" data-type=\"link\" data-id=\"https:\/\/fpabramo.org.br\/reconexaoperiferias\/revista\/edicao\/janeiro-fevereiro-2026\/\">nesta edi\u00e7\u00e3o<\/a> um artigo do professor do Departamento de Ci\u00eancia Pol\u00edtica da Unicamp Wagner Rom\u00e3o que prop\u00f5e uma reflex\u00e3o sobre democracia representativa, em um ano particularmente importante, quando o voto popular definir\u00e1 o futuro do pa\u00eds. \u201cA representa\u00e7\u00e3o n\u00e3o pode ser uma via de m\u00e3o \u00fanica em que o eleitor elege um pol\u00edtico e deixa tudo nas m\u00e3os dele. Isso porque aquilo que motivou seu voto pode se perder ao longo dos anos de mandato daquele que se elegeu com seu voto. Acompanhar o desempenho daquele pol\u00edtico que voc\u00ea elegeu &#8211; ou at\u00e9 mesmo a trajet\u00f3ria de vida daquela pessoa em quem voc\u00ea votou e n\u00e3o se elegeu &#8211; \u00e9 verificar o quanto voc\u00ea continua se sentindo representado por ele ou ela. Isso \u00e9 fundamental nas democracias\u201d.<br><br>Na entrevista, o professor, historiador, escritor, educador e compositor, Luiz Ant\u00f4nio Simas fala sobre o carnaval como for\u00e7a emancipadora dos corpos, o papel dos sambas-enredo na reconstru\u00e7\u00e3o de narrativas hist\u00f3ricas do Brasil atual e a amplitude da cultura africana, que representa um imenso potencial a ser explorado. Para ele, os sambas-enredo s\u00e3o um instrumento pedag\u00f3gico de excel\u00eancia e de alto poder que devem ser amplamente usados nas salas de aula.<br><br>Na se\u00e7\u00e3o Perfil, o rapper e escritor Mano Cascata conta a hist\u00f3ria da Produtora Quinto Elemento, nascida de uma a\u00e7\u00e3o territorial coletiva na regi\u00e3o metropolitana de Porto Alegre (RS), em 2018, a partir de um grupo de artistas e agentes culturais.<\/p>\n\n\n<p>A edi\u00e7\u00e3o traz ainda uma reportagem sobre o semin\u00e1rio <strong>Periferias e o PT \u2013 uma reconex\u00e3o estrat\u00e9gica e necess\u00e1ria<\/strong>, realizado pela Funda\u00e7\u00e3o Perseu Abramo em 28 e 29 de janeiro, reuniu em Bras\u00edlia secret\u00e1rios estaduais e nacionais do <strong>Partido dos Trabalhadores<\/strong>, integrantes da equipe e do conselho do projeto Reconex\u00e3o Periferias, ativistas e pesquisadores perif\u00e9ricos para tra\u00e7ar um plano de organiza\u00e7\u00e3o da milit\u00e2ncia petista que possibilite ampliar o di\u00e1logo com as periferias de todo o Brasil.<br><em><br><\/em>A se\u00e7\u00e3o de <em>Arte <\/em>apresenta o artista pl\u00e1stico, grafiteiro e rapper da Brasil\u00e2ndia (SP) Pablo Martins, que iniciou sua trajet\u00f3ria nas ruas ainda jovem, encontrando na arte urbana um meio de express\u00e3o e transforma\u00e7\u00e3o. Desde o final dos anos 1990 atua com grafite comercial e produ\u00e7\u00f5es autorais ligadas \u00e0 cultura hip-hop.<\/p>\n\n\n<p><\/p>\n","protected":false},"excerpt":{"rendered":"<p>A revista Reconex\u00e3o Periferias traz nesta edi\u00e7\u00e3o um artigo do professor do Departamento de Ci\u00eancia Pol\u00edtica da Unicamp Wagner Rom\u00e3o que prop\u00f5e uma reflex\u00e3o sobre democracia representativa, em um ano particularmente importante, quando o voto popular definir\u00e1 o futuro do pa\u00eds. \u201cA representa\u00e7\u00e3o n\u00e3o pode ser uma via de m\u00e3o \u00fanica em que o eleitor [&hellip;]<\/p>\n","protected":false},"author":94,"featured_media":142362,"comment_status":"closed","ping_status":"closed","sticky":false,"template":"","format":"standard","meta":{"_eb_attr":"","footnotes":""},"categories":[7006],"tags":[8253,7603,8461,7652,8462],"area":[],"coluna":[],"edicao":[8460],"localidade":[],"marcador_especial":[],"projeto":[6914],"tema":[],"coauthors":[7007],"class_list":["post-142359","post","type-post","status-publish","format-standard","has-post-thumbnail","hentry","category-new","tag-destaque-slider","tag-eleicoes","tag-periferias","tag-reconexao-periferias","tag-voto-popular","edicao-edicao-66-revista-reconexao","projeto-reconexao-periferias"],"ai_analise_foto_capa":"*T\u00edtulo*: Revista Reconex\u00e3o Periferias: Voto e Territ\u00f3rios na Pol\u00edtica\n*Resumo Sem\u00e2ntico*: A imagem exibe a capa da \"Revista Reconex\u00e3o Periferias\", destacando o tema \"Voto popular e os territ\u00f3rios no centro da pol\u00edtica\". A capa apresenta uma pintura impactante de um rosto expressivo, possivelmente feminino, com tra\u00e7os fortes e cores quentes (laranja, vermelho), que pode simbolizar a for\u00e7a e a ancestralidade das comunidades perif\u00e9ricas, ind\u00edgenas ou afro-brasileiras. A revista \u00e9 \"amarrada\" por elementos que remetem a galhos ou cip\u00f3s, refor\u00e7ando a ideia de ra\u00edzes, conex\u00e3o e organicidade. Ao fundo, uma representa\u00e7\u00e3o abstrata e em tons terrosos de moradias em favelas ou comunidades perif\u00e9ricas solidifica o foco da publica\u00e7\u00e3o em quest\u00f5es urbanas e sociais. O sentimento geral \u00e9 de engajamento pol\u00edtico, urg\u00eancia, valoriza\u00e7\u00e3o das identidades marginalizadas e um convite \u00e0 reflex\u00e3o cr\u00edtica sobre a democracia e a participa\u00e7\u00e3o. O p\u00fablico-alvo prov\u00e1vel inclui acad\u00eamicos, ativistas, estudantes, pesquisadores e todos os cidad\u00e3os interessados em justi\u00e7a social, pol\u00edtica brasileira, movimentos sociais, direitos humanos e o empoderamento das periferias.\n*Descri\u00e7\u00e3o SEO*: Capa da Revista Reconex\u00e3o Periferias: Voto popular e territ\u00f3rios no centro da pol\u00edtica. Explore a import\u00e2ncia do voto e da participa\u00e7\u00e3o das periferias na democracia brasileira. Apresenta arte vibrante de rosto feminino, discutindo elei\u00e7\u00f5es, coletividade e o futuro pol\u00edtico. Conte\u00fado essencial para entender movimentos sociais e justi\u00e7a territorial. Publica\u00e7\u00e3o da Funda\u00e7\u00e3o Perceu Abramo.\n*Texto na Imagem*:\nREVISTA\nRECONEX\u00c3O\nPERIFERIAS\nVoto popular e os territ\u00f3rios no centro da pol\u00edtica\nO carnaval restaura a ideia de coletividade\nElei\u00e7\u00f5es 2026: democracia n\u00e3o \u00e9 s\u00f3 voto\n*Elementos Visuais*: Cores predominantes: laranja, vermelho, amarelo-ocre, marrom e preto.\nPessoas: Um rosto estilizado e pintado, possivelmente feminino, com tra\u00e7os marcantes e pintura facial vermelha, sugerindo uma figura ind\u00edgena ou de origem africana\/perif\u00e9rica.\nObjetos: Capa de revista, galhos ou cip\u00f3s amarrando a revista, edif\u00edcios estilizados de favelas ou habita\u00e7\u00f5es prec\u00e1rias ao fundo.\nS\u00edmbolos: O rosto representa a identidade, a resili\u00eancia e a for\u00e7a das comunidades perif\u00e9ricas\/tradicionais; os galhos\/cip\u00f3s simbolizam conex\u00e3o, ra\u00edzes, coletividade e a natureza org\u00e2nica da resist\u00eancia e do pertencimento; as constru\u00e7\u00f5es ao fundo remetem \u00e0s periferias urbanas e seus desafios.\n*Keywords*: Reconex\u00e3o Periferias, voto popular, pol\u00edtica, territ\u00f3rios, favelas, democracia, Brasil, justi\u00e7a social, comunidades, engajamento, direitos, coletividade, elei\u00e7\u00f5es, cultura, Funda\u00e7\u00e3o Perceu Abramo.\n*Hashtags*: #ReconexaoPeriferias #VotoPopular #TerritoriosEmLuta #Democracia #Periferias #FundacaoPerseuAbramo #PoliticaBrasileira #JusticaSocial #Comunidades #Eleicoes2026 #Brasil","ai_analise_outros_anexos":"","_links":{"self":[{"href":"https:\/\/fpabramo.org.br\/en\/wp-json\/wp\/v2\/posts\/142359","targetHints":{"allow":["GET"]}}],"collection":[{"href":"https:\/\/fpabramo.org.br\/en\/wp-json\/wp\/v2\/posts"}],"about":[{"href":"https:\/\/fpabramo.org.br\/en\/wp-json\/wp\/v2\/types\/post"}],"author":[{"embeddable":true,"href":"https:\/\/fpabramo.org.br\/en\/wp-json\/wp\/v2\/users\/94"}],"replies":[{"embeddable":true,"href":"https:\/\/fpabramo.org.br\/en\/wp-json\/wp\/v2\/comments?post=142359"}],"version-history":[{"count":1,"href":"https:\/\/fpabramo.org.br\/en\/wp-json\/wp\/v2\/posts\/142359\/revisions"}],"predecessor-version":[{"id":189847,"href":"https:\/\/fpabramo.org.br\/en\/wp-json\/wp\/v2\/posts\/142359\/revisions\/189847"}],"wp:featuredmedia":[{"embeddable":true,"href":"https:\/\/fpabramo.org.br\/en\/wp-json\/wp\/v2\/media\/142362"}],"wp:attachment":[{"href":"https:\/\/fpabramo.org.br\/en\/wp-json\/wp\/v2\/media?parent=142359"}],"wp:term":[{"taxonomy":"category","embeddable":true,"href":"https:\/\/fpabramo.org.br\/en\/wp-json\/wp\/v2\/categories?post=142359"},{"taxonomy":"post_tag","embeddable":true,"href":"https:\/\/fpabramo.org.br\/en\/wp-json\/wp\/v2\/tags?post=142359"},{"taxonomy":"area","embeddable":true,"href":"https:\/\/fpabramo.org.br\/en\/wp-json\/wp\/v2\/area?post=142359"},{"taxonomy":"coluna","embeddable":true,"href":"https:\/\/fpabramo.org.br\/en\/wp-json\/wp\/v2\/coluna?post=142359"},{"taxonomy":"edicao","embeddable":true,"href":"https:\/\/fpabramo.org.br\/en\/wp-json\/wp\/v2\/edicao?post=142359"},{"taxonomy":"localidade","embeddable":true,"href":"https:\/\/fpabramo.org.br\/en\/wp-json\/wp\/v2\/localidade?post=142359"},{"taxonomy":"marcador_especial","embeddable":true,"href":"https:\/\/fpabramo.org.br\/en\/wp-json\/wp\/v2\/marcador_especial?post=142359"},{"taxonomy":"projeto","embeddable":true,"href":"https:\/\/fpabramo.org.br\/en\/wp-json\/wp\/v2\/projeto?post=142359"},{"taxonomy":"tema","embeddable":true,"href":"https:\/\/fpabramo.org.br\/en\/wp-json\/wp\/v2\/tema?post=142359"},{"taxonomy":"author","embeddable":true,"href":"https:\/\/fpabramo.org.br\/en\/wp-json\/wp\/v2\/coauthors?post=142359"}],"curies":[{"name":"wp","href":"https:\/\/api.w.org\/{rel}","templated":true}]}}