{"id":135351,"date":"2025-10-16T15:20:49","date_gmt":"2025-10-16T18:20:49","guid":{"rendered":"https:\/\/fpabramo.org.br\/seminario-reune-dirigentes-para-discutir-como-fortalecer-o-pt-nos-territorios\/"},"modified":"2026-03-24T18:34:14","modified_gmt":"2026-03-24T21:34:14","slug":"seminario-reune-dirigentes-para-discutir-como-fortalecer-o-pt-nos-territorios","status":"publish","type":"post","link":"https:\/\/fpabramo.org.br\/en\/seminario-reune-dirigentes-para-discutir-como-fortalecer-o-pt-nos-territorios\/","title":{"rendered":"Semin\u00e1rio re\u00fane dirigentes para discutir como fortalecer o PT nos territ\u00f3rios"},"content":{"rendered":"\n<h4 class=\"wp-block-heading\"><em><em>Objetivo \u00e9 organizar um evento amplo, com participa\u00e7\u00e3o de lideran\u00e7as e coletivos de todo o Brasil, que possibilite realizar a\u00e7\u00f5es pr\u00e1ticas nas periferias<\/em><\/em><\/h4>\n\n\n<p><\/p>\n\n\n\n<p><\/p>\n\n\n<p>A Funda\u00e7\u00e3o Perseu Abramo, por meio da \u00e1rea Reconex\u00e3o Periferias, realizou no dia 14 de outubro o semin\u00e1rio <strong>\u201cFortalecer o PT nos Territ\u00f3rios\u201d<\/strong>, em parceria com as <strong>Secretarias Nacionais de Organiza\u00e7\u00e3o, Nuclea\u00e7\u00e3o e Movimentos Sociais do PT<\/strong>. Al\u00e9m de secret\u00e1rios nacionais e estaduais do partido, participaram cerca de 150 dirigentes. <\/p>\n\n\n<p>O objetivo \u00e9 organizar um evento amplo, com envolvimento de <strong>lideran\u00e7as e coletivos perif\u00e9ricos <\/strong>de todo o Brasil, que possibilite realizar a\u00e7\u00f5es pr\u00e1ticas nos territ\u00f3rios, em di\u00e1logo com as realidades e necessidades locais.<\/p>\n\n\n<p>De acordo com o consultor respons\u00e1vel pelo projeto <a href=\"https:\/\/fpabramo.org.br\/en\/reconexaoperiferias\/\"><strong>Reconex\u00e3o Periferias<\/strong>,<\/a> Artur Henrique Silva Santos, a conjuntura pol\u00edtica e econ\u00f4mica nacional e internacional refor\u00e7a a necessidade de prepara\u00e7\u00e3o para a disputa eleitoral do ano que vem. <\/p>\n\n\n<p>\u201cQueremos colocar \u00e0 disposi\u00e7\u00e3o um conjunto de informa\u00e7\u00f5es, pesquisas, debates e ac\u00famulos que tivemos nos \u00faltimos anos e dialogar com as periferias, para construir propostas de a\u00e7\u00f5es concretas conjuntamente. Nossa ideia \u00e9 fazer um evento presencial com as secretarias e as lideran\u00e7as perif\u00e9ricas para que nos ajudem nessa miss\u00e3o\u201d, afirmou.<\/p>\n\n\n<p><strong>Reconex\u00e3o e mobiliza\u00e7\u00e3o nas periferias<\/strong><\/p>\n\n\n<p>A Secret\u00e1ria Nacional de Nuclea\u00e7\u00e3o do PT, Claudinha Lima, disse que a revista Reconex\u00e3o Periferias tem um papel fundamental nesse novo momento que o PT est\u00e1 se propondo a construir, de forma\u00e7\u00e3o e viv\u00eancia na periferia a partir da nuclea\u00e7\u00e3o no territ\u00f3rio. <\/p>\n\n\n<p>\u201c\u00c9 a partir da identifica\u00e7\u00e3o das necessidades reais das pessoas que n\u00f3s vamos fazer com que o partido volte a dialogar no dia a dia com seus filiados e filiadas, mas tamb\u00e9m com a sociedade, com aqueles e aquelas que ainda n\u00e3o est\u00e3o filiados, mas se prop\u00f5em ao debate pol\u00edtico, a discutir as necessidades reais da comunidade, do quilombo, do seu assentamento, da periferia urbana ou rural. Esse ac\u00famulo pode ajudar a construir pol\u00edtica na pr\u00e1tica\u201d, pontuou.<\/p>\n\n\n<p>Para o <strong>Secret\u00e1rio Nacional de Organiza\u00e7\u00e3o do PT, La\u00e9rcio Ribeiro<\/strong>, a proposta \u00e9 uma oportunidade, j\u00e1 que a Reconex\u00e3o Periferias mapeou mais de mil organiza\u00e7\u00f5es em 283 munic\u00edpios espalhados pelo Brasil.<\/p>\n\n\n<p>\u201cO que n\u00f3s precisamos, de fato, \u00e9 entender quais s\u00e3o as nossas rela\u00e7\u00f5es hoje em dia. Muitos dos nossos companheiros e companheiras t\u00eam rela\u00e7\u00e3o com o movimento sindical hist\u00f3rico. Mas como \u00e9 que est\u00e1 situado esse movimento sindical hoje, nesses munic\u00edpios? N\u00f3s temos rela\u00e7\u00e3o com movimentos de moradia, movimentos sociais. Mas como essas organiza\u00e7\u00f5es est\u00e3o estruturadas na ponta, e quais associa\u00e7\u00f5es? Pensando sobre isso, creio que n\u00f3s temos aqui uma importante ferramenta de constru\u00e7\u00e3o partid\u00e1ria e de organiza\u00e7\u00e3o partid\u00e1ria\u201d, afirmou.<\/p>\n\n\n<figure class=\"wp-block-image aligncenter size-full is-resized\"><img decoding=\"async\" src=\"https:\/\/fpabramo.org.br\/wp-content\/uploads\/2025\/10\/11-image-41.png\" alt=\"\" class=\"wp-image-56707\" style=\"width:677px;height:auto\" \/><figcaption class=\"wp-element-caption\">Imagem: reprodu\u00e7\u00e3o<\/figcaption><\/figure>\n\n\n<p>A <strong>Secret\u00e1ria Nacional de Movimentos Populares do PT, Lucinha do MST,<\/strong> destacou que o trabalho da Reconex\u00e3o Periferias \u00e9 importante para conectar todas as atividades e iniciativas da sociedade com a vida real do partido, com as decis\u00f5es pol\u00edticas e o que a dire\u00e7\u00e3o do PT est\u00e1 pensando. <\/p>\n\n\n<p>\u201cEsse \u00e9 o nosso grande desafio para o velho e bom trabalho de base, a inova\u00e7\u00e3o, enfim, a movimenta\u00e7\u00e3o, porque, para al\u00e9m dessa reconex\u00e3o, n\u00f3s temos que ver como \u00e9 que a gente coloca essa nossa for\u00e7a em movimento\u201d, disse.<\/p>\n\n\n<p><strong>Territ\u00f3rio como espa\u00e7o de disputa e esperan\u00e7a<\/strong><\/p>\n\n\n<p>O vice-presidente do PT de Santar\u00e9m (PA), Danilo Senna, manifestou seu reconhecimento \u00e0 Funda\u00e7\u00e3o Perseu Abramo e \u00e0 Reconex\u00e3o Periferias. \u201cTrata-se de uma iniciativa estrat\u00e9gica, porque territorializar n\u00e3o \u00e9 s\u00f3 organizar o partido, \u00e9 disputar consci\u00eancia, afeto, narrativa e futuro. N\u00f3s, que vivemos a realidade da Amaz\u00f4nia e das periferias do Brasil, sabemos que o PT s\u00f3 ser\u00e1 forte nacionalmente se for reconhecido como presen\u00e7a concreta no territ\u00f3rio e n\u00e3o apenas como legenda nas elei\u00e7\u00f5es.\u201d<\/p>\n\n\n<p>Ele prop\u00f4s transformar os n\u00facleos de base em n\u00facleos vivos, com agenda permanente, escuta comunit\u00e1ria, rodas formativas r\u00e1pidas e com materiais da Funda\u00e7\u00e3o. \u201cE tamb\u00e9m mutir\u00f5es de direitos sociais, a\u00e7\u00f5es culturais, ocupa\u00e7\u00f5es de pra\u00e7as, escolas, feiras, igrejas e bairros, associa\u00e7\u00f5es, times de v\u00e1rzea, n\u00e3o como evento isolado, mas como ritmo de milit\u00e2ncia constante. Porque a periferia, ao meu ver, n\u00e3o \u00e9 s\u00f3 car\u00eancia, ela \u00e9 pot\u00eancia, ela \u00e9 cultura. Ela \u00e9 trabalho informal. Ela \u00e9 juventude criativa, mulheres que organizam solidariedade, trabalhadores que constroem o pa\u00eds todos os dias. E se o PT quer disputar 2026 com for\u00e7a, tem que estar onde o povo est\u00e1 antes da elei\u00e7\u00e3o\u201d, concluiu.<\/p>\n\n\n<p><\/p>\n","protected":false},"excerpt":{"rendered":"<p>Objetivo \u00e9 organizar um evento amplo, com participa\u00e7\u00e3o de lideran\u00e7as e coletivos de todo o Brasil, que possibilite realizar a\u00e7\u00f5es pr\u00e1ticas nas periferias<\/p>\n","protected":false},"author":82,"featured_media":108878,"comment_status":"closed","ping_status":"closed","sticky":false,"template":"","format":"standard","meta":{"_eb_attr":"","footnotes":""},"categories":[7006],"tags":[7651,6584,7052,7652,7653],"area":[],"coluna":[],"edicao":[],"localidade":[],"marcador_especial":[],"projeto":[6914,160],"tema":[220],"coauthors":[6875],"class_list":["post-135351","post","type-post","status-publish","format-standard","has-post-thumbnail","hentry","category-new","tag-movimento-social","tag-partido-dos-trabalhadores","tag-pt","tag-reconexao-periferias","tag-territorios","projeto-reconexao-periferias","projeto-seminarios","tema-policy"],"ai_analise_foto_capa":"*T\u00edtulo*: Manifesta\u00e7\u00e3o PT: Multid\u00e3o Vermelha, \"O Golpe \u00e9 Fraude\"\r\n*Resumo Sem\u00e2ntico*: A imagem capta a energia e a escala de uma massiva manifesta\u00e7\u00e3o pol\u00edtica em apoio ao Partido dos Trabalhadores (PT) no Brasil. Centenas de pessoas se aglomeram, empunhando bandeiras vermelhas do PT e exibindo uma faixa com a mensagem \"O GOLPE \u00c9 FRAUDE\", refletindo um sentimento de indigna\u00e7\u00e3o, resist\u00eancia e mobiliza\u00e7\u00e3o popular contra eventos pol\u00edticos percebidos como injustos ou ileg\u00edtimos. O clima \u00e9 de uni\u00e3o e fervor pol\u00edtico sob um c\u00e9u claro, com edif\u00edcios urbanos e uma imponente igreja hist\u00f3rica ao fundo. O p\u00fablico-alvo prov\u00e1vel inclui apoiadores do PT, ativistas sociais, pesquisadores de movimentos pol\u00edticos e interessados na hist\u00f3ria contempor\u00e2nea brasileira.\r\n*Descri\u00e7\u00e3o SEO*: Foto impactante de manifesta\u00e7\u00e3o pol\u00edtica do Partido dos Trabalhadores (PT) no Brasil. Multid\u00e3o de pessoas com bandeiras vermelhas do PT e faixa \"O GOLPE \u00c9 FRAUDE\". Cen\u00e1rio urbano com igreja hist\u00f3rica e c\u00e9u azul. Imagem ideal para contextualizar artigos sobre pol\u00edtica brasileira, protestos sociais, o PT e a defesa da democracia.\r\n*Texto na Imagem*: PT, O GOLPE \u00c9 FRAUDE, LUL (parcial)\r\n*Elementos Visuais*:\r\n    *   **Cores predominantes:** Vermelho vibrante (bandeiras, vestimentas), Azul (c\u00e9u), Amarelo\/Bege (banner, detalhes da igreja, edif\u00edcios), Branco (estrela na bandeira, nuvens).\r\n    *   **Pessoas:** Uma multid\u00e3o densa de centenas de manifestantes de diversas idades, muitos com os bra\u00e7os levantados, alguns tirando fotos com celulares.\r\n    *   **Objetos:** M\u00faltiplas bandeiras vermelhas do PT com a estrela branca, uma bandeira azul (menos proeminente), um grande banner amarelo com a frase \"O GOLPE \u00c9 FRAUDE\", outros banners ou cartazes parcialmente vis\u00edveis (com \"LUL\").\r\n    *   **S\u00edmbolos:** Bandeira do PT (estrela branca com as letras PT), torres e arquitetura religiosa da igreja ao fundo.\r\n    *   **Cen\u00e1rio:** Ruas urbanas, edif\u00edcios altos, uma grande igreja com duas torres e c\u00fapulas ao fundo. C\u00e9u predominantemente azul e claro, indicando um dia ensolarado.\r\n*Keywords*: Manifesta\u00e7\u00e3o pol\u00edtica, PT, Partido dos Trabalhadores, Brasil, protesto, golpe, fraude, democracia, Lula, esquerda, movimento social, bandeiras, multid\u00e3o, rua, mobiliza\u00e7\u00e3o.\r\n*Hashtags*: #PT #Manifesta\u00e7\u00e3oPT #GolpeNao #Democracia #LulaLivre #PoliticaBrasileira #Protesto #MovimentoSocial #FPA #Brasil","ai_analise_outros_anexos":"","_links":{"self":[{"href":"https:\/\/fpabramo.org.br\/en\/wp-json\/wp\/v2\/posts\/135351","targetHints":{"allow":["GET"]}}],"collection":[{"href":"https:\/\/fpabramo.org.br\/en\/wp-json\/wp\/v2\/posts"}],"about":[{"href":"https:\/\/fpabramo.org.br\/en\/wp-json\/wp\/v2\/types\/post"}],"author":[{"embeddable":true,"href":"https:\/\/fpabramo.org.br\/en\/wp-json\/wp\/v2\/users\/82"}],"replies":[{"embeddable":true,"href":"https:\/\/fpabramo.org.br\/en\/wp-json\/wp\/v2\/comments?post=135351"}],"version-history":[{"count":6,"href":"https:\/\/fpabramo.org.br\/en\/wp-json\/wp\/v2\/posts\/135351\/revisions"}],"predecessor-version":[{"id":188726,"href":"https:\/\/fpabramo.org.br\/en\/wp-json\/wp\/v2\/posts\/135351\/revisions\/188726"}],"wp:featuredmedia":[{"embeddable":true,"href":"https:\/\/fpabramo.org.br\/en\/wp-json\/wp\/v2\/media\/108878"}],"wp:attachment":[{"href":"https:\/\/fpabramo.org.br\/en\/wp-json\/wp\/v2\/media?parent=135351"}],"wp:term":[{"taxonomy":"category","embeddable":true,"href":"https:\/\/fpabramo.org.br\/en\/wp-json\/wp\/v2\/categories?post=135351"},{"taxonomy":"post_tag","embeddable":true,"href":"https:\/\/fpabramo.org.br\/en\/wp-json\/wp\/v2\/tags?post=135351"},{"taxonomy":"area","embeddable":true,"href":"https:\/\/fpabramo.org.br\/en\/wp-json\/wp\/v2\/area?post=135351"},{"taxonomy":"coluna","embeddable":true,"href":"https:\/\/fpabramo.org.br\/en\/wp-json\/wp\/v2\/coluna?post=135351"},{"taxonomy":"edicao","embeddable":true,"href":"https:\/\/fpabramo.org.br\/en\/wp-json\/wp\/v2\/edicao?post=135351"},{"taxonomy":"localidade","embeddable":true,"href":"https:\/\/fpabramo.org.br\/en\/wp-json\/wp\/v2\/localidade?post=135351"},{"taxonomy":"marcador_especial","embeddable":true,"href":"https:\/\/fpabramo.org.br\/en\/wp-json\/wp\/v2\/marcador_especial?post=135351"},{"taxonomy":"projeto","embeddable":true,"href":"https:\/\/fpabramo.org.br\/en\/wp-json\/wp\/v2\/projeto?post=135351"},{"taxonomy":"tema","embeddable":true,"href":"https:\/\/fpabramo.org.br\/en\/wp-json\/wp\/v2\/tema?post=135351"},{"taxonomy":"author","embeddable":true,"href":"https:\/\/fpabramo.org.br\/en\/wp-json\/wp\/v2\/coauthors?post=135351"}],"curies":[{"name":"wp","href":"https:\/\/api.w.org\/{rel}","templated":true}]}}