{"id":134823,"date":"2025-01-21T19:24:23","date_gmt":"2025-01-21T22:24:23","guid":{"rendered":"https:\/\/fpabramo.org.br\/mesa-de-reflexion-latinoamericana-donald-trump-y-el-canal-de-panama\/"},"modified":"2026-06-14T12:14:46","modified_gmt":"2026-06-14T15:14:46","slug":"mesa-de-reflexion-latinoamericana-donald-trump-y-el-canal-de-panama","status":"publish","type":"post","link":"https:\/\/fpabramo.org.br\/en\/mesa-de-reflexion-latinoamericana-donald-trump-y-el-canal-de-panama\/","title":{"rendered":"Mesa de Reflexi\u00f3n Latinoamericana: Donald Trump y el Canal de Panam\u00e1"},"content":{"rendered":"\n<p>La Mesa de Reflexi\u00f3n Latinoamericana, integrada por personalidades pol\u00edticas de la regi\u00f3n, excancilleres, exministros, exembajadores y acad\u00e9micos, considera su deber formular la siguiente declaraci\u00f3n ante los pronunciamientos del presidente electo de Estados Unidos, Donald Trump, sobre el Canal de Panam\u00e1:<\/p>\n\n\n<ol class=\"wp-block-list\">\n<li>La base fundamental de la convivencia americana ha sido, es y debe ser el respeto a los Tratados y al Derecho Internacional. Fue en el marco de la Organizaci\u00f3n de Estados Americanos, que tanto Panam\u00e1 como los Estados Unidos decidieron resolver las diferencias hist\u00f3ricas sobre el canal de Panam\u00e1, mediante negociaciones pac\u00edficas.<\/li>\n<\/ol>\n\n\n<ol start=\"2\" class=\"wp-block-list\">\n<li>Los Tratados Torrijos-Carter se firmaron en 1977, como resultado de la incansable lucha del pueblo paname\u00f1o; y su implementaci\u00f3n y cumplimiento fueron respetados por sucesivas administraciones norteamericanas. Constituyeron el fundamento por el cual Panam\u00e1 alcanz\u00f3 su plena soberan\u00eda sobre el Canal y todo su territorio. Estos tratados se convirtieron en la base de nuevas relaciones respetuosas y constructivas en el continente.<\/li>\n<\/ol>\n\n\n<ol start=\"3\" class=\"wp-block-list\">\n<li>Panam\u00e1 ha demostrado absoluta capacidad en la gesti\u00f3n del canal y responsabilidad en el respeto a la neutralidad de la v\u00eda interoce\u00e1nica. Despu\u00e9s de asumir la administraci\u00f3n del Canal en 1999 y actuando con responsabilidad para con el comercio mundial, Panam\u00e1 llev\u00f3 adelante su ampliaci\u00f3n (2006-2016), mediante la construcci\u00f3n de un tercer juego de esclusas que permite ahora el tr\u00e1nsito de buques de mayor calado y duplica su capacidad de carga. Estados Unidos, principal usuario de esa v\u00eda, lo sabe.<\/li>\n<\/ol>\n\n\n<ol start=\"4\" class=\"wp-block-list\">\n<li>Han pasado 25 a\u00f1os y m\u00e1s de 350,000 tr\u00e1nsitos por el Canal bajo administraci\u00f3n paname\u00f1a. Panam\u00e1 ha mantenido un canal seguro, eficiente y abierto a todas las naciones del mundo con absoluta igualdad y sin discriminaci\u00f3n alguna, ni reclamos por parte de los usuarios.<\/li>\n<\/ol>\n\n\n<ol start=\"5\" class=\"wp-block-list\">\n<li>Las declaraciones del presidente electo de los Estados Unidos desconocen esta realidad hist\u00f3rica y tergiversan lo logrado con los tratados que su propio pa\u00eds firm\u00f3 y hasta ahora ha respetado. Ser\u00eda impensable e inaceptable que la amenaza y la coerci\u00f3n se puedan convertir en nuevos instrumentos de la pol\u00edtica exterior de los Estados Unidos hacia Am\u00e9rica Latina y el Caribe. Enunciarlo as\u00ed rememora la denominada Doctrina Monroe y advierte sobre el af\u00e1n de algunos por revivirla.<\/li>\n<\/ol>\n\n\n<ol start=\"6\" class=\"wp-block-list\">\n<li>Es irresponsable que, despu\u00e9s del \u00e9xito de la firma y cumplimiento de los Tratados Torrijos-Carter, el presidente Donald Trump pretenda situar el Canal de Panam\u00e1 en una disputa geopol\u00edtica con China o que se utilicen argumentos en tal sentido que desconozcan la soberan\u00eda titular de Panam\u00e1 sobre el Canal y su territorio.<\/li>\n<\/ol>\n\n\n<ol start=\"7\" class=\"wp-block-list\">\n<li>La paz, la seguridad y la convivencia en el continente americano, descansan en el di\u00e1logo, la cooperaci\u00f3n, el entendimiento, y en el respeto al derecho internacional.<\/li>\n<\/ol>\n\n\n<p>Por todas estas razones, la Mesa de Reflexi\u00f3n Latinoamericana, siempre impulsora del aporte de la diplomacia y la negociaci\u00f3n, se declara en defensa de la soberan\u00eda de Panam\u00e1, hace un llamado al respeto de las normas y los principios \u00e9ticos del sistema internacional.<\/p>\n\n\n<p><em><strong>17 de enero de 2<\/strong><\/em><em><strong>025.<\/strong><\/em><\/p>\n\n\n<p><em>La Mesa de Reflexi\u00f3n Latinoamericana es una red donde convergen an\u00e1lisis y propuestas de personalidades pol\u00edticas y de acad\u00e9micos dedicados al estudio de las relaciones internacionales y su impacto en la regi\u00f3n. Su prop\u00f3sito es identificar las mejores condiciones para el di\u00e1logo interno regional, como tambi\u00e9n de Am\u00e9rica Latina con el resto del mundo.<\/em><\/p>\n\n\n<p><em>.<\/em><\/p>\n\n\n<p><strong>Personalidades que adhieren a la Declaraci\u00f3n sobre Panam\u00e1<\/strong><\/p>\n\n\n<ol class=\"wp-block-list\">\n<li>Torrijos, Mart\u00edn. Ex Presidente de la Rep\u00fablica de Panam\u00e1.<\/li>\n<\/ol>\n\n\n<p><strong>Miembros de la Mesa de Reflexi\u00f3n Latinoamericana.<\/strong><\/p>\n\n\n<ol start=\"2\" class=\"wp-block-list\">\n<li>Altmann, Josette. Secretaria General de FLACSO (2016-2024), Costa Rica.<\/li>\n\n\n<li>Bonilla, Adri\u00e1n. Profesor FLACSO, Ecuador.<\/li>\n\n\n<li>Borda, Sandra. Docente, Universidad de los Andes, Colombia.<\/li>\n\n\n<li>Bord\u00f3n, Jos\u00e9 Octavio. Ex Presidente del CARI; ex senador y embajador, Argentina.<\/li>\n\n\n<li>Caetano, Gerardo. Profesor UDELAR, Uruguay.<\/li>\n\n\n<li>De La Puente, Juan. Docente de la Universidad San Mart\u00edn de Porres, Per\u00fa.<\/li>\n\n\n<li>Fern\u00e1ndez Saavedra, Gustavo. Ex Canciller de Bolivia.<\/li>\n\n\n<li>Garc\u00eda Say\u00e1n, Diego. Ex Canciller del Per\u00fa.<\/li>\n\n\n<li>Gaspar, Gabriel. Ex viceministro de Defensa, Chile.<\/li>\n\n\n<li>Gonz\u00e1lez, Guadalupe. Profesora, Colegio de M\u00e9xico.<\/li>\n\n\n<li>Guti\u00e9rrez, Edgar. Ex Canciller de Guatemala.<\/li>\n\n\n<li>Hirst, M\u00f3nica. Profesora UTDT, IESP-UERJ, Brasil.<\/li>\n\n\n<li>Iglesias, Enrique. Ex Presidente del BID; Ex Canciller del Uruguay.<\/li>\n\n\n<li>Insulza, Jos\u00e9 Miguel. Ex Secretario General OEA; Ex Canciller de Chile.<\/li>\n\n\n<li>Jaramillo, Grace. Docente, Universidad de British Columbia, Canad\u00e1. Foro de Pol\u00edtica Exterior, Ecuador.<\/li>\n\n\n<li>Jarqu\u00edn, Edmundo. Ex candidato presidencial, Nicaragua.<\/li>\n\n\n<li>Lafer, Celso. Ex Canciller del Brasil.<\/li>\n\n\n<li>Lustig, Nora. Profesora, Universidad de Tulane.<\/li>\n\n\n<li>Ocampo, Jos\u00e9 Antonio. Ex-Secretario General Adjunto de la ONU para Asuntos Econ\u00f3micos y Sociales, Colombia.<\/li>\n\n\n<li>Pachano, Sim\u00f3n. Profesor-investigador, FLACSO-Ecuador.<\/li>\n\n\n<li>Reyes Matta, Fernando. Ex Embajador de Chile en China.<\/li>\n\n\n<li>Romero, Carlos. Profesor, Universidad Central de Venezuela.<\/li>\n\n\n<li>Russell, Roberto. Docente, Universidad Torcuato Di Tella, Argentina.<\/li>\n\n\n<li>San Juan, Ana Mar\u00eda. Profesora, Universidad Central de Venezuela.<\/li>\n\n\n<li>Somav\u00eda, Juan. Ex Embajador de Chile ante Naciones Unidas.<\/li>\n\n\n<li>Tokatli\u00e1n, Juan Gabriel. Profesor Plenario Universidad Torcuato Di Tella, Argentina.<\/li>\n\n\n<li>Wagner, Allan. Embajador; Ex Canciller del Per\u00fa.<\/li>\n<\/ol>\n\n\n<p><strong>Personalidades que adhieren a la Declaraci\u00f3n<\/strong><\/p>\n\n\n<p><strong>A<\/strong><\/p>\n\n\n<ol start=\"29\" class=\"wp-block-list\">\n<li>Abal Medina, Juan Manuel. Ex Jefe Gabinete Ministerial, Argentina.<\/li>\n\n\n<li>Acosta Garbarino, Alberto. Presidente de \u201cDesarrollo en Democracia,\u201d Paraguay.<\/li>\n\n\n<li>Aguirre, Mariano. Analista internacional, Espa\u00f1a.<\/li>\n\n\n<li>Alem\u00e1n, H\u00e9ctor. Ex Ministro de Gobierno de Panam\u00e1.<\/li>\n\n\n<li>Alfaro Salas, Sergio Iv\u00e1n, ex ministro de la Presidencia, Costa Rica.<\/li>\n\n\n<li>Alotto, Alberto. Ex-Embajador, Argentina.<\/li>\n\n\n<li>Alvarez, Carla. Coordinadora general de investigaci\u00f3n, IAEN, Ecuador.<\/li>\n\n\n<li>Alvarez Fuentes, Jorge. Embajador y profesor de la UDLAP, M\u00e9xico.<\/li>\n\n\n<li>Alvear Cruz, Susana. Embajadora, Ecuador.<\/li>\n\n\n<li>Amaral Peixoto, Celina. Fundadora del CPDOC-FGV y ex-directora del Archivo Nacional, Brasil.<\/li>\n\n\n<li>Ames, Rolando. Profesor Em\u00e9rito, Pontificia Universidad Cat\u00f3lica del Per\u00fa.<\/li>\n\n\n<li>Andi\u00f3n, Benito. Embajador, M\u00e9xico.<\/li>\n\n\n<li>Ar\u00e1oz, Mercedes. Ex Vicepresidenta; ex Presidenta del Consejo de Ministros, Per\u00fa.<\/li>\n\n\n<li>Aran\u00edbar, Antonio, ex Canciller de Bolivia<\/li>\n\n\n<li>Ardaya, Gloria. Ex Ministra de Estado, Bolivia.<\/li>\n\n\n<li>Ardila, Martha. Profesora, Universidad externado de Colombia.<\/li>\n\n\n<li>Arellano Toledo, Marco. Centro de Estudios Pol\u00edticos FCPYS-UNAM, M\u00e9xico.<\/li>\n\n\n<li>Arocena, Rodrigo. Ex Rector Universidad de la Rep\u00fablica, Uruguay.<\/li>\n\n\n<li>Arosemena, Rub\u00e9n. Ex Vicepresidente de La Rep\u00fablica de Panam\u00e1.<\/li>\n\n\n<li>Arr\u00f3spide, Jos\u00e9 Antonio. Ex Vice Canciller del Per\u00fa.<\/li>\n\n\n<li>Ascarrunz, Julio. Profesor Universidad Mayor de San Andr\u00e9s, Bolivia.<\/li>\n\n\n<li>\u00c1vila Orejuela, Marcelo. Diplom\u00e1tico, Ecuador.<\/li>\n\n\n<li>Ayala Lasso, Jos\u00e9. Ex Canciller del Ecuador, ex Alto Comisionado de DDHH de la ONU.<\/li>\n<\/ol>\n\n\n<p><strong>B<\/strong><\/p>\n\n\n<ol start=\"52\" class=\"wp-block-list\">\n<li>Bahamonde Jarr\u00edn, Franklin. Embajador, Ecuador.<\/li>\n\n\n<li>B\u00e1rcena, Martha, Embajadora Eminente, M\u00e9xico.<\/li>\n\n\n<li>Barco, Carolina. Ex Canciller de Colombia.<\/li>\n\n\n<li>Barreiro, Line. Polit\u00f3loga y jurista, Paraguay.<\/li>\n\n\n<li>Barros, Cristi\u00e1n, ex Subsecretario de Relaciones Exteriores de Chile.<\/li>\n\n\n<li>Bassante Ram\u00edrez, Guillermo. Embajador del Servicio Exterior, Ecuador<\/li>\n\n\n<li>Battaglino, Jorge. Profesor, Universidad Torcuato Di Tella, Argentina.<\/li>\n\n\n<li>Batthyany, Karina. Directora General de CLACSO, Uruguay.<\/li>\n\n\n<li>Bela\u00fande Moreyra, Mart\u00edn. Ex Decano del Colegio de Abogados de Lima, Per\u00fa.<\/li>\n\n\n<li>Ben\u00edtez Manaut, Ra\u00fal. Investigador titular del CISEN-UNAM, M\u00e9xico.<\/li>\n\n\n<li>Bergamino, Ariel. Ex Vicecanciller del Uruguay.<\/li>\n\n\n<li>Berm\u00fadez, Jaime. Ex Canciller de Colombia.<\/li>\n\n\n<li>Bertone, Rosana. Ex Gobernadora y ex Senadora, Argentina.<\/li>\n\n\n<li>Betancourt Ruales, Roberto. Embajador del Servicio Exterior, Ecuador.<\/li>\n\n\n<li>Bitar, Sergio. Presidente, Consejo Chileno de Prospectiva, Chile.<\/li>\n\n\n<li>Bland\u00f3n Figueroa, Jos\u00e9. Ex diputado, Panam\u00e1.<\/li>\n\n\n<li>Burga, Manuel. Ex Rector de la Universidad Nacional Mayor de San Marcos, Per\u00fa.<\/li>\n\n\n<li>Busso, Anabella. Profesora, Universidad Nacional de Rosario, Argentina.<\/li>\n<\/ol>\n\n\n<p><strong>C<\/strong><\/p>\n\n\n<ol start=\"70\" class=\"wp-block-list\">\n<li>Cabeza de Vaca, Susana. Ex ministra de Estado, Ecuador.<\/li>\n\n\n<li>Cabezas Molina, Eduardo. Embajador del Servicio Exterior, Ecuador<\/li>\n\n\n<li>Cameron, Maxwell. Profesor, Universidad de British Columbia, Canad\u00e1.<\/li>\n\n\n<li>C\u00e1rdenas Rodr\u00edguez, H\u00e9ctor. Diplom\u00e1tico y columnista, M\u00e9xico.<\/li>\n\n\n<li>C\u00e1rdenas S\u00e1nchez, Enrique. Presidente de Signos Vitales, M\u00e9xico.<\/li>\n\n\n<li>Carles, Luis Ernesto. Ex Ministro de Trabajo y Desarrollo Laboral, Panam\u00e1.<\/li>\n\n\n<li>Carranco, Santiago. Vicepresidente Asociaci\u00f3n de Estudios Internacionales, Ecuador.<\/li>\n\n\n<li>Carri\u00f3n Mena, Francisco. Ex Canciller del Ecuador.<\/li>\n\n\n<li>Celestino, Pedro. Empresario, Brasil<\/li>\n\n\n<li>Chac\u00f3n, Susan. Presidenta del Centro Tepoztl\u00e1n V\u00edctor L. Urquidi e investigadora asociada, Colegio de M\u00e9xico.<\/li>\n\n\n<li>Cobos, Julio. Ex Vicepresidente de la Argentina.<\/li>\n\n\n<li>Cordera Campos, Rolando. Fundador del PUED-UNAM, M\u00e9xico.<\/li>\n\n\n<li>Cordero, Sof\u00eda. Docente, Universidad Casa Grande, Ecuador.<\/li>\n\n\n<li>C\u00f3rdova Bossano, Fernando. Embajador del Servicio Exterior, Ecuador.<\/li>\n\n\n<li>Correa, Ana Mar\u00eda. Profesora, Universidad San Francisco de Quito, Ecuador.<\/li>\n\n\n<li>Covarrubias, Marcia. Vicepresidenta del Foro Permanente de Pol\u00edtica Exterior, Chile.<\/li>\n<\/ol>\n\n\n<p><strong>D<\/strong><\/p>\n\n\n<ol start=\"86\" class=\"wp-block-list\">\n<li>D\u2019Alotto, Alberto, ex-Embajador, Argentina;<\/li>\n\n\n<li>Del Castillo G\u00e1lvez, Jorge. Ex Presidente del Consejo de Ministros del Per\u00fa.<\/li>\n\n\n<li>Delgado, Ana. Profesora UNILA y Presidente Asociaci\u00f3n Brasile\u00f1a de Relaciones Internacionales, Brasil.<\/li>\n\n\n<li>Del Granado, Juan. Ex Alcalde de La Paz, Bolivia.<\/li>\n\n\n<li>Domingues, Manuel. Profesor Em\u00e9rito UFRJ, ABCP, Brasil.<\/li>\n\n\n<li>Drago, Rolando. Embajador del Servicio Exterior, Chile.<\/li>\n\n\n<li>Dutr\u00e9nit, Silvia. Profesora e Investigadora del Instituto Mora de M\u00e9xico. Uruguay.<\/li>\n<\/ol>\n\n\n<p><strong>E<\/strong><\/p>\n\n\n<ol start=\"93\" class=\"wp-block-list\">\n<li>Escudero Mart\u00ednez, Hern\u00e1n. Diplom\u00e1tico, Ecuador.<\/li>\n<\/ol>\n\n\n<p><strong>F<\/strong><\/p>\n\n\n<ol start=\"94\" class=\"wp-block-list\">\n<li>Fajardo, Sergio. Candidato presidencial, Colombia.<\/li>\n\n\n<li>Falcon\u00ed Puig, Ricardo. Diplom\u00e1tico, Ecuador.<\/li>\n\n\n<li>Fausto, Sergio. Director Fundaci\u00f3n Fernando Henrique Cardoso, Brasil.<\/li>\n\n\n<li>Fern\u00e1ndez, Daniel. Rector, Universidad Nacional de Tierra del Fuego, Argentina.<\/li>\n\n\n<li>Fern\u00e1ndez, Mariano, Embajador; ex Canciller de Chile.<\/li>\n\n\n<li>Fern\u00e1ndez-Maldonado Castro, Guillermo. Ex Alto Comisionado para Derechos Humanos de la ONU en M\u00e9xico.<\/li>\n\n\n<li>Ferreira Gomes, Nancy Elena. Profesora estudios latinoamericanos, Universidad Aut\u00f3noma de Lisboa, Portugal.<\/li>\n\n\n<li>Ferrero Costa, Eduardo. Ex Canciller del Per\u00fa.<\/li>\n\n\n<li>Freghali, Jandira. Diputada federal PCdoB, Brasil.<\/li>\n\n\n<li>Freidenberg, Flavia. Investigadora titular del Instituto de Investigaciones Jur\u00eddicas, UNAM, M\u00e9xico.<\/li>\n\n\n<li>Frenkel, Alejandro. Profesor, Universidad Nacional de San Mart\u00edn, Argentina.<\/li>\n\n\n<li>Fuentes, Cristi\u00e1n. Profesor de Relaciones Internacionales, Chile.<\/li>\n<\/ol>\n\n\n<p><strong>G<\/strong><\/p>\n\n\n<ol start=\"106\" class=\"wp-block-list\">\n<li>Gait\u00e1n, Pilar. Ex Vicecanciller de Colombia<\/li>\n\n\n<li>Gal\u00e1n, Juan Manuel. Candidato presidencial, Colombia.<\/li>\n\n\n<li>Gallegos Chiriboga, Luis. Ex Canciller del Ecuador.<\/li>\n\n\n<li>Garc\u00eda Bela\u00fande, Jos\u00e9 Antonio. Ex Canciller del Per\u00fa.<\/li>\n\n\n<li>Garc\u00eda Rend\u00f3n, Sergio. Investigador CIEPS, Panam\u00e1.<\/li>\n\n\n<li>Gazmuri, Jaime. Ex Senador y ex Embajador, Chile.<\/li>\n\n\n<li>Gonz\u00e1lez Cabal, Mar\u00eda del Carmen. Embajador del Servicio Exterior, Ecuador<\/li>\n\n\n<li>Gonz\u00e1lez Olaechea, Javier. Ex Canciller del Per\u00fa.<\/li>\n\n\n<li>Gonz\u00e1lez Olvera, Pedro. Presidente Asociaci\u00f3n Mexicana de Estudios Internacionales, M\u00e9xico.<\/li>\n\n\n<li>Gonz\u00e1les Posada, Luis. Ex Canciller del Per\u00fa.<\/li>\n\n\n<li>Gra\u00e7a Lima, Jos\u00e9 Alfredo. Ex Embajador, Brasil.<\/li>\n\n\n<li>Guelar, Diego. Ex Diputado Nacional; Embajador, Argentina.<\/li>\n\n\n<li>Gumucio, Alfonso. Columnista y analista, Bolivia.<\/li>\n\n\n<li>Guti\u00e9rrez, Gonzalo. Secretario General Comunidad Andina; Ex Canciller Per\u00fa.<\/li>\n<\/ol>\n\n\n<p><strong>H<\/strong><\/p>\n\n\n<ol start=\"120\" class=\"wp-block-list\">\n<li>Heine, Jorge. Acad\u00e9mico, Boston University; ex Embajador en China, Chile.<\/li>\n\n\n<li>Heredia Zubieta, Carlos. Investigador del CIDE, M\u00e9xico.<\/li>\n\n\n<li>Hern\u00e1ndez Nilson, Diego. Docente e investigador, UDELAR, Uruguay.<\/li>\n\n\n<li>Herrera-Lasso, Luis. Analista y presidente de Grupo Coppan, M\u00e9xico.<\/li>\n\n\n<li>Holgu\u00edn, Mar\u00eda \u00c1ngela, ex Canciller. Colombia<\/li>\n<\/ol>\n\n\n<p><strong>J<\/strong><\/p>\n\n\n<ol start=\"125\" class=\"wp-block-list\">\n<li>Jim\u00e9nez Mayor, Juan. Ex Presidente del Consejo de Ministros, Per\u00fa.<\/li>\n\n\n<li>Jim\u00e9nez Sandoval, Carolina. Presidenta de WOLA, Oficina en Washington para Asuntos Latinoamericanos, Estados Unidos.<\/li>\n\n\n<li>Johnson L\u00f3pez, Edwin. Embajador del Servicio Exterior, Ecuador.<\/li>\n<\/ol>\n\n\n<p><strong>K<\/strong><\/p>\n\n\n<ol start=\"128\" class=\"wp-block-list\">\n<li>Kisic Wagner, Drago. Economista, Per\u00fa<\/li>\n<\/ol>\n\n\n<p><strong>L<\/strong><\/p>\n\n\n<ol start=\"129\" class=\"wp-block-list\">\n<li>Lauer, Mirko. Periodista y editor, Per\u00fa.<\/li>\n\n\n<li>Lavagna, Roberto. Ex Ministro de Econom\u00eda; ex Candidato Presidencial, Argentina.<\/li>\n\n\n<li>Lerner Ghitis, Salom\u00f3n. Ex Presidente del Consejo de Ministros, Per\u00fa.<\/li>\n\n\n<li>Lewis Navarro, Samuel. Ex Vicepresidente de la Republica de Panam\u00e1.<\/li>\n\n\n<li>Long, Tom. Profesor, Universidad de Warwick, Reino Unido y CIDE, M\u00e9xico.<\/li>\n\n\n<li>L\u00f3pez Araujo, Alfonso. Embajador del Servicio Exterior, Ecuador.<\/li>\n\n\n<li>L\u00f3pez Burian, Camilo. Docente e investigador, UDELAR, Uruguay.<\/li>\n\n\n<li>Luiselli Fern\u00e1ndez, Cassio. Ex embajador e investigador asociado; PUED-UNAM, M\u00e9xico.<\/li>\n\n\n<li>Luj\u00e1n, Carlos. Profesor, Universidad de la Rep\u00fablica, Uruguay.<\/li>\n\n\n<li>Luna, Juan Pablo. Profesor, Universidad de McGill. Canad\u00e1.<\/li>\n\n\n<li>Luna Mendoza, Ricardo. Ex Canciller del Per\u00fa.<\/li>\n<\/ol>\n\n\n<p><strong>M<\/strong><\/p>\n\n\n<ol start=\"140\" class=\"wp-block-list\">\n<li>Mac\u00edas Balda, Manuel. Profesor, Universidad de Guayaquil, Ecuador.<\/li>\n\n\n<li>Malacalza, Bernab\u00e9. Profesor, Universidad Nacional de Quilmes, Argentina.<\/li>\n\n\n<li>Maldonado Robles, Jorge. Diplom\u00e1tico, Ecuador.<\/li>\n\n\n<li>Manes, Facundo. Acad\u00e9mico en Neurociencia y Diputado Nacional, Argentina.<\/li>\n\n\n<li>Martins Fel\u00edcio, Jos\u00e9 Eduardo. Ex Embajador; ex-director, MERCOSUR, Brasil.<\/li>\n\n\n<li>Maurtua de Roma\u00f1a, Oscar. Presidente de la Sociedad Peruana de Derecho Internacional; Ex Canciller del Per\u00fa.<\/li>\n\n\n<li>Mauras, Marta. Diplom\u00e1tica; ex Embajadora ante ONU-Ginebra, Chile.<\/li>\n\n\n<li>McDonald, Laura. Profesora de la Universidad de Carleton y presidenta de la Asociaci\u00f3n Canadiense de Estudios Latinoamericanos y del Caribe, CALACS.<\/li>\n\n\n<li>Mej\u00eda, Mar\u00eda Emma. Ex Canciller de Colombia.<\/li>\n\n\n<li>Mella Polanco, Marcelo, Profesor Universidad de Santiago de Chile.<\/li>\n\n\n<li>Mesa, Rolando. Profesor Em\u00e9rito, Pontificia Universidad Cat\u00f3lica del Per\u00fa.<\/li>\n\n\n<li>Michelini, Rafael. Senador, Uruguay.<\/li>\n\n\n<li>Mohme Seminario, Gustavo. Director, Diario La Rep\u00fablica, Per\u00fa.<\/li>\n\n\n<li>Molina, Carlos Hugo. Director Ejecutivo CEPAD, Bolivia.<\/li>\n\n\n<li>Moncagatta, Paolo. Decano de Ciencias Sociales y Humanidades, Universidad San Francisco de Quito, Ecuador.<\/li>\n\n\n<li>Monge, Carlos. Consultor, UNESP-UNICAMP-SP. Chile<\/li>\n\n\n<li>Morales Moreno, Isidro. Acad\u00e9mico y director de Latin American Policy, M\u00e9xico.<\/li>\n\n\n<li>Morales, Juan Antonio. Ex Presidente del Banco Central de Bolivia.<\/li>\n\n\n<li>Moscoso Moreno, Arturo. Docente Universitario, UIDE, Ecuador.<\/li>\n\n\n<li>Murillo, Javier. Ex Canciller de Bolivia.<\/li>\n\n\n<li>Mussali Galante, Rina. Analista conductora de V\u00e9rtice Internacional, M\u00e9xico.<\/li>\n<\/ol>\n\n\n<p><strong>N<\/strong><\/p>\n\n\n<ol start=\"161\" class=\"wp-block-list\">\n<li>Nunes, Aloysio. Ex Senador; ex Canciller del Brasil.<\/li>\n\n\n<li>Nasser, Reginaldo. Prof. PUC-SP, Brasil.<\/li>\n\n\n<li>Narv\u00e1ez Rivadeneira, Luis. Ex Embajador, Ecuador.<\/li>\n\n\n<li>Nin, Rodolfo. Ex Vicepresidente; ex Canciller del Uruguay.<\/li>\n<\/ol>\n\n\n<p><strong>O<\/strong><\/p>\n\n\n<ol start=\"165\" class=\"wp-block-list\">\n<li>Ominami, Carlos. Presidente del Foro Permanente de Pol\u00edtica Exterior, Chile<\/li>\n\n\n<li>Orozco Henr\u00edquez, Jos\u00e9 de Jes\u00fas. Investigador Titular del Instituto de Investigaciones Jur\u00eddicas, UNAM, M\u00e9xico.<\/li>\n\n\n<li>Ortiz Crespo, Gonzalo. Escritor, ex embajador del Ecuador en Colombia.<\/li>\n<\/ol>\n\n\n<p><strong>P<\/strong><\/p>\n\n\n<ol start=\"168\" class=\"wp-block-list\">\n<li>Palma Valderrama, Hugo. Ex Vicecanciller del Per\u00fa.<\/li>\n\n\n<li>Paredes Castro, Juan. Periodista, Per\u00fa.<\/li>\n\n\n<li>Pati\u00f1o, Carlos. Profesor, Universidad Nacional de Colombia.<\/li>\n\n\n<li>Pati\u00f1o Mayer, Hern\u00e1n. Ex Embajador, Argentina.<\/li>\n\n\n<li>Pellicer, Olga. Ex Embajadora, acad\u00e9mica y columnista, M\u00e9xico.<\/li>\n\n\n<li>Pe\u00f1aranda, Ra\u00fal. Director Br\u00fajula Digital, Bolivia.<\/li>\n\n\n<li>P\u00e9rez Loose, Hern\u00e1n. Abogado; ex Representante ante Naciones Unidas, Ecuador<\/li>\n\n\n<li>Piedra, Lorena. Presidenta Asociaci\u00f3n de Estudios Internacionales, Ecuador.<\/li>\n\n\n<li>Pinheiro, Leticia. Profesora NEAPPE \/IESP-UERJ, Brasil.<\/li>\n\n\n<li>Policzer, Pablo. Profesor, Universidad de Calgary, Canad\u00e1<\/li>\n\n\n<li>Ponce, Eduardo. Embajador; ex Vicecanciller del Per\u00fa.<\/li>\n\n\n<li>Pose, Nicol\u00e1s. Profesor e investigador, UDELAR, Uruguay<\/li>\n\n\n<li>Proa\u00f1o Arandi, Francisco. Embajador del Servicio Exterior, Ecuador.<\/li>\n\n\n<li>Puchet, Mart\u00edn. Profesor e investigador en la UNAM, Uruguay.<\/li>\n\n\n<li>Pureza, Jos\u00e9 Manuel. Catedr\u00e1tico, Universidad de Co\u00edmbra, Portugal.<\/li>\n<\/ol>\n\n\n<p><strong>R<\/strong><\/p>\n\n\n<ol start=\"183\" class=\"wp-block-list\">\n<li>Ramalho, Antonio Jorge. Profesor y director Instituto Relaciones Internacionales, Universidad de Brasilia.<\/li>\n\n\n<li>Ram\u00edrez, Marta Luc\u00eda. Ex Vicepresidenta; ex Canciller de Colombia.<\/li>\n\n\n<li>Rey, Francisco. Co-director, Instituto sobre Conflictos y Acci\u00f3n Humanitaria IECAH, Espa\u00f1a.<\/li>\n\n\n<li>Reyes, Camilo. Ex Canciller de Colombia.<\/li>\n\n\n<li>Ric\u00fapero, Rubens. Embajador; ex Secretario General de la UNCTAD, Brasil.<\/li>\n\n\n<li>Riorda, Mario. Profesor de Comunicaci\u00f3n Pol\u00edtica de la Universidad Austral. Argentina.<\/li>\n\n\n<li>Rivera V\u00e9lez, Fredy. Profesor, FLACSO-Ecuador; Director Revista Acad\u00e9mica URVIO.<\/li>\n\n\n<li>Riveros, Edgardo. Ex Subsecretario de Relaciones Exteriores, Chile<\/li>\n\n\n<li>Rodr\u00edguez Arriaga, Manuel. Embajador en retiro, M\u00e9xico.<\/li>\n\n\n<li>Rodr\u00edguez Cuadros, Manuel, Embajador; ex Canciller del Per\u00fa.<\/li>\n\n\n<li>Romer, Graciela. Presidenta, \u201cSaving Democracy America,\u201d Argentina.<\/li>\n\n\n<li>Rosales, Osvaldo. Ex Director, Relaciones Econ\u00f3micas Internacionales, Chile<\/li>\n\n\n<li>Ross, C\u00e9sar. Acad\u00e9mico, IDEA-USACH, Chile.<\/li>\n<\/ol>\n\n\n<p><strong>S<\/strong><\/p>\n\n\n<ol start=\"196\" class=\"wp-block-list\">\n<li>Saltalamacchia Sicardi, Natalia. Jefa del Departamento de Estudios Internacionales-ITAM, M\u00e9xico.<\/li>\n\n\n<li>Sanahuja, Jos\u00e9 Antonio. Profesor, Universidad Complutense de Madrid, Espa\u00f1a.<\/li>\n\n\n<li>S\u00e1nchez, Francisco. Director, Instituto de Iberoam\u00e9rica, Universidad de Salamanca, Espa\u00f1a<\/li>\n\n\n<li>Schiavon, Jorge. Ex director de AMEI y profesor de la Universidad Iberoamericana, M\u00e9xico.<\/li>\n\n\n<li>Schori, Pierre. Ex embajador de Suecia en la ONU y ex europarlamentario, Suecia.<\/li>\n\n\n<li>Shifter, Michael. Ex Presidente de Inter-American Dialogue, Estados Unidos.<\/li>\n\n\n<li>Siles, Juan Ignacio. Ex Canciller de Bolivia.<\/li>\n\n\n<li>Soares de Lima, Maria Regina. Profesora y coordinadora OPSA\/IESP-UERJ, Brasil.<\/li>\n\n\n<li>Sol\u00e1, Felipe. Ex Canciller de la Argentina.<\/li>\n\n\n<li>Soruco, Juan Crist\u00f3bal. Columnista; ex Director La Raz\u00f3n, Los Tiempos, Bolivia.<\/li>\n\n\n<li>Stubrin, Marcelo. Ex Diputado y ex Embajador, Argentina.<\/li>\n\n\n<li>Sutz, Judith. Investigadora; Doctora Honoris Causa, UDELAR, Uruguay.<\/li>\n<\/ol>\n\n\n<p><strong>T<\/strong><\/p>\n\n\n<ol start=\"208\" class=\"wp-block-list\">\n<li>Taiana, Jorge. Ex Canciller, Argentina.<\/li>\n\n\n<li>Talavera, Maggy. Periodista sin Photoshop, Bolivia.<\/li>\n\n\n<li>Tarracena Gout, Mar\u00eda P\u00eda. Profesora de la Universidad Iberoamericana, M\u00e9xico.<\/li>\n\n\n<li>Tavares de Almeida, Maria Herm\u00ednia. Profesora Em\u00e9rita, USP, Brasil.<\/li>\n\n\n<li>Tewaney, Janaina. Ex Canciller de Panam\u00e1.<\/li>\n\n\n<li>Tom\u00e9, Luis. Profesor y Director del Departamento de Relaciones Internacionales, Universidad Aut\u00f3noma de Lisboa, Portugal.<\/li>\n\n\n<li>Torrej\u00f3n Almeida, Byron. Diplom\u00e1tico, Ecuador.<\/li>\n<\/ol>\n\n\n<p><strong>U<\/strong><\/p>\n\n\n<ol start=\"215\" class=\"wp-block-list\">\n<li>Urrejola, Antonia. Ex Canciller de Chile.<\/li>\n<\/ol>\n\n\n<p><strong>V<\/strong><\/p>\n\n\n<ol start=\"216\" class=\"wp-block-list\">\n<li>Valad\u00e9s, Diego. UNAM, M\u00e9xico<\/li>\n\n\n<li>Vald\u00e9s Ugalde, Jos\u00e9 Luis. Investigador del CISAN-UNAM, M\u00e9xico.<\/li>\n\n\n<li>Valenzuela, Arturo. Ex Director para las Am\u00e9ricas en el Consejo de Seguridad de la Casa Blanca; ex Subsecretario del Departamento de Estado para las Am\u00e9ricas, Estados Unidos.<\/li>\n\n\n<li>Vallejo, Andr\u00e9s. Ex Presidente del Congreso Nacional, Ecuador.<\/li>\n\n\n<li>Vals Pereira, Lia. Profesora Universidad Rio de Janeiro, Brasil.<\/li>\n\n\n<li>Vasconcelos, \u00c1lvaro. Analista y comentarista, Portugal.<\/li>\n\n\n<li>V\u00e1squez, Juan Diego. Ex diputado, Rep\u00fablica de Panam\u00e1.<\/li>\n\n\n<li>Vel\u00e1zquez Flores, Rafael. Profesor de la UABC, M\u00e9xico.<\/li>\n\n\n<li>Velho, Otavio. Presidente de honor de la Sociedad Brasile\u00f1a para el Progreso de la Ciencia, Brasil.<\/li>\n\n\n<li>Ventura, Deisy. Vice-directora, IRI-USP, Brasil.<\/li>\n\n\n<li>Verdesoto Custode, Luis. Ex Embajador; ex Secretario Anticorrupci\u00f3n, Ecuador.<\/li>\n\n\n<li>Vicchi, Jorge. Presidente, Instituto Argentino de Relaciones Internacionales; Profesor Universidad de Mendoza, Argentina.<\/li>\n\n\n<li>Vigevani, Tullo. Profesor UNESP, Brasil.<\/li>\n\n\n<li>Villag\u00f3mez Merino, Mentor. Embajador del Servicio Exterior, Ecuador.<\/li>\n\n\n<li>Vives Seg\u00ed, Horacio. Profesor-Investigador, ITAM, M\u00e9xico.<\/li>\n\n\n<li>Voto Bernales, Jorge. Ex Vice Canciller del Per\u00fa.<\/li>\n<\/ol>\n\n\n<p><strong>Y<\/strong><\/p>\n\n\n<ol start=\"232\" class=\"wp-block-list\">\n<li>Yaniz de Arias, Teresa. Ex diputada, Panam\u00e1.<\/li>\n<\/ol>\n\n\n<p><strong>Z<\/strong><\/p>\n\n\n<ol start=\"233\" class=\"wp-block-list\">\n<li>Zegada, Mar\u00eda Teresa. Profesora, Universidad Mayor de San Sim\u00f3n, Bolivia.<\/li>\n\n\n<li>Zovatto, Daniel. Ex Director Regional, IDEA, Argentina.<\/li>\n\n\n<li>Zurita Contreras, Antonio. Ex director General de Uni\u00f3n de Ciudades Capitales Iberoamericanas, Espa\u00f1a.<\/li>\n<\/ol>\n\n\n<p><\/p>\n\n\n<p><br><\/p>\n","protected":false},"excerpt":{"rendered":"<p>La Mesa de Reflexi\u00f3n Latinoamericana, integrada por personalidades pol\u00edticas de la regi\u00f3n, excancilleres, exministros, exembajadores y acad\u00e9micos, considera su deber formular la siguiente declaraci\u00f3n ante los pronunciamientos del presidente electo de Estados Unidos, Donald Trump, sobre el Canal de Panam\u00e1: Por todas estas razones, la Mesa de Reflexi\u00f3n Latinoamericana, siempre impulsora del aporte de la [&hellip;]<\/p>\n","protected":false},"author":92,"featured_media":134824,"comment_status":"closed","ping_status":"closed","sticky":false,"template":"","format":"standard","meta":{"_eb_attr":"","footnotes":""},"categories":[7006],"tags":[],"area":[122],"coluna":[],"decada":[],"edicao":[],"localidade":[7481,7425],"marcador_especial":[],"projeto":[],"tema":[208,228],"coauthors":[7007],"class_list":["post-134823","post","type-post","status-publish","format-standard","has-post-thumbnail","hentry","category-new","area-cooperacao-internacional","localidade-panama","localidade-usa","tema-international","tema-society"],"ai_analise_foto_capa":"*T\u00edtulo*: Navio-tanque nas Eclusas do Canal do Panam\u00e1\n\n*Resumo Sem\u00e2ntico*: A imagem apresenta uma vista a\u00e9rea ou elevada das grandiosas eclusas do Canal do Panam\u00e1, mostrando um grande navio-tanque de casco azul e superestrutura vermelha em tr\u00e2nsito por uma das comportas. A \u00e1gua verde-esmeralda preenche a eclusa, ladeada por robustas paredes de concreto e uma complexa infraestrutura de controle, incluindo pequenos edif\u00edcios e trilhos. Ao fundo, outras se\u00e7\u00f5es do canal, colinas verdes e uma ampla \u00e1rea aberta sob um c\u00e9u predominantemente azul, com poucas nuvens, indicam um dia claro. H\u00e1 tamb\u00e9m um navio de cruzeiro branco parcialmente vis\u00edvel \u00e0 direita no horizonte, sugerindo a diversidade do tr\u00e1fego. O sentimento comunicado \u00e9 de admira\u00e7\u00e3o pela engenharia humana, a escala monumental da infraestrutura e a import\u00e2ncia estrat\u00e9gica do canal para o com\u00e9rcio e a log\u00edstica global. A imagem transmite efici\u00eancia e a interconex\u00e3o do mundo moderno. O p\u00fablico-alvo prov\u00e1vel inclui estudantes, pesquisadores e profissionais de economia, com\u00e9rcio internacional, engenharia, log\u00edstica, geopol\u00edtica e hist\u00f3ria, al\u00e9m de um p\u00fablico geral interessado em grandes obras de infraestrutura e o impacto da globaliza\u00e7\u00e3o. Para a Funda\u00e7\u00e3o Perseu Abramo, pode ilustrar discuss\u00f5es sobre desenvolvimento econ\u00f4mico, rela\u00e7\u00f5es internacionais e a din\u00e2mica do capitalismo global.\n\n*Descri\u00e7\u00e3o SEO*: Explore a magnific\u00eancia do Canal do Panam\u00e1 nesta imagem detalhada de um navio-tanque azul e vermelho navegando pelas eclusas. Destaque para a grandiosa engenharia e a vital infraestrutura que impulsionam o com\u00e9rcio e o transporte mar\u00edtimo global. Ideal para ilustrar conte\u00fados sobre log\u00edstica, geopol\u00edtica, economia internacional e grandes projetos de engenharia. Descubra a import\u00e2ncia estrat\u00e9gica deste canal para as cadeias de suprimentos mundiais.\n\n*Texto na Imagem*: Nenhum texto leg\u00edvel claro na cena da imagem, al\u00e9m de poss\u00edveis e indistintas marca\u00e7\u00f5es no navio e nas paredes das eclusas.\n\n*Elementos Visuais*:\n*   **Cores predominantes**: Azul (c\u00e9u, casco do navio), Verde (\u00e1gua, vegeta\u00e7\u00e3o das colinas), Cinza\/Marrom (concreto das eclusas, terra), Vermelho (superestrutura do navio, telhados dos pequenos edif\u00edcios).\n*   **Pessoas**: Poucas figuras pequenas e indistintas observadas nas plataformas de controle e no solo adjacente, incluindo uma pessoa com colete vermelho vis\u00edvel pr\u00f3ximo a um dos edif\u00edcios menores.\n*   **Objetos**: Grande navio-tanque (petroleiro\/quimiqueiro), comportas e paredes das eclusas, trilhos, pequenos edif\u00edcios de controle com telhados vermelhos, postes de ilumina\u00e7\u00e3o, estradas, outras embarca\u00e7\u00f5es menores (rebocadores), guindastes no navio, infraestrutura de docas e conten\u00e7\u00e3o, um navio de cruzeiro branco no horizonte, montanhas e colinas, vegeta\u00e7\u00e3o exuberante, nuvens e c\u00e9u azul.\n*   **S\u00edmbolos**: O Canal do Panam\u00e1 e suas eclusas simbolizam a engenharia humana de grande escala, a conectividade global, a log\u00edstica internacional e a import\u00e2ncia estrat\u00e9gica das rotas comerciais mar\u00edtimas.\n\n*Keywords*: Canal do Panam\u00e1, Eclusas, Navio-tanque, Com\u00e9rcio global, Engenharia, Log\u00edstica, Transporte mar\u00edtimo, Infraestrutura, Navega\u00e7\u00e3o, Geopol\u00edtica, Economia global, \u00c1gua, Am\u00e9rica Central, Vias naveg\u00e1veis, Canais.\n\n*Hashtags*: #CanalDoPanama, #ComercioGlobal, #Navegacao, #Engenharia, #Logistica, #TransporteMaritimo, #Infraestrutura, #Eclusas, #NavioTanque, #Geopolitica.","ai_analise_outros_anexos":"","_links":{"self":[{"href":"https:\/\/fpabramo.org.br\/en\/wp-json\/wp\/v2\/posts\/134823","targetHints":{"allow":["GET"]}}],"collection":[{"href":"https:\/\/fpabramo.org.br\/en\/wp-json\/wp\/v2\/posts"}],"about":[{"href":"https:\/\/fpabramo.org.br\/en\/wp-json\/wp\/v2\/types\/post"}],"author":[{"embeddable":true,"href":"https:\/\/fpabramo.org.br\/en\/wp-json\/wp\/v2\/users\/92"}],"replies":[{"embeddable":true,"href":"https:\/\/fpabramo.org.br\/en\/wp-json\/wp\/v2\/comments?post=134823"}],"version-history":[{"count":1,"href":"https:\/\/fpabramo.org.br\/en\/wp-json\/wp\/v2\/posts\/134823\/revisions"}],"predecessor-version":[{"id":232823,"href":"https:\/\/fpabramo.org.br\/en\/wp-json\/wp\/v2\/posts\/134823\/revisions\/232823"}],"wp:featuredmedia":[{"embeddable":true,"href":"https:\/\/fpabramo.org.br\/en\/wp-json\/wp\/v2\/media\/134824"}],"wp:attachment":[{"href":"https:\/\/fpabramo.org.br\/en\/wp-json\/wp\/v2\/media?parent=134823"}],"wp:term":[{"taxonomy":"category","embeddable":true,"href":"https:\/\/fpabramo.org.br\/en\/wp-json\/wp\/v2\/categories?post=134823"},{"taxonomy":"post_tag","embeddable":true,"href":"https:\/\/fpabramo.org.br\/en\/wp-json\/wp\/v2\/tags?post=134823"},{"taxonomy":"area","embeddable":true,"href":"https:\/\/fpabramo.org.br\/en\/wp-json\/wp\/v2\/area?post=134823"},{"taxonomy":"coluna","embeddable":true,"href":"https:\/\/fpabramo.org.br\/en\/wp-json\/wp\/v2\/coluna?post=134823"},{"taxonomy":"decada","embeddable":true,"href":"https:\/\/fpabramo.org.br\/en\/wp-json\/wp\/v2\/decada?post=134823"},{"taxonomy":"edicao","embeddable":true,"href":"https:\/\/fpabramo.org.br\/en\/wp-json\/wp\/v2\/edicao?post=134823"},{"taxonomy":"localidade","embeddable":true,"href":"https:\/\/fpabramo.org.br\/en\/wp-json\/wp\/v2\/localidade?post=134823"},{"taxonomy":"marcador_especial","embeddable":true,"href":"https:\/\/fpabramo.org.br\/en\/wp-json\/wp\/v2\/marcador_especial?post=134823"},{"taxonomy":"projeto","embeddable":true,"href":"https:\/\/fpabramo.org.br\/en\/wp-json\/wp\/v2\/projeto?post=134823"},{"taxonomy":"tema","embeddable":true,"href":"https:\/\/fpabramo.org.br\/en\/wp-json\/wp\/v2\/tema?post=134823"},{"taxonomy":"author","embeddable":true,"href":"https:\/\/fpabramo.org.br\/en\/wp-json\/wp\/v2\/coauthors?post=134823"}],"curies":[{"name":"wp","href":"https:\/\/api.w.org\/{rel}","templated":true}]}}