{"id":115528,"date":"2026-01-03T20:34:04","date_gmt":"2026-01-03T23:34:04","guid":{"rendered":"https:\/\/fpabramo.org.br\/2026\/01\/03\/die-linke-alemanha-trump-esta-cometendo-terrorismo-de-estado-brutal\/"},"modified":"2026-06-27T23:47:48","modified_gmt":"2026-06-28T02:47:48","slug":"die-linke-alemanha-trump-esta-cometendo-terrorismo-de-estado-brutal","status":"publish","type":"post","link":"https:\/\/fpabramo.org.br\/en\/die-linke-alemanha-trump-esta-cometendo-terrorismo-de-estado-brutal\/","title":{"rendered":"Die Linke &#8211; Alemanha: Trump est\u00e1 cometendo terrorismo de estado brutal"},"content":{"rendered":"\n<p><em>Nota do Die Linke, Partido da Esquerda da Alemanha <br><\/em><br><strong>Die USA betreiben Staatsterrorismus!<\/strong><\/p>\n\n\n<p>Der Vorsitzende der Partei Die Linke, Jan van Aken, verurteilt die v\u00f6lkerrechtswidrigen Angriffe auf Venezuela und die Entf\u00fchrung von Pr\u00e4sident Nicol\u00e1s Maduro durch die USA als Staatsterrorismus:<\/p>\n\n\n<p>\u201eWer wie Trump das V\u00f6lkerrecht bricht und Pr\u00e4sidenten entf\u00fchren l\u00e4sst, der betreibt brutalen Staatsterrorismus. Bei v\u00f6lkerrechtswidrigen Angriffskriegen darf nicht mit zweierlei Ma\u00df gemessen werden. Wer Putin sanktioniert, muss auch Trump sanktionieren. &nbsp;Die Bundesregierung sollte sofort eine Verurteilung des US-Angriffes durch den Sicherheitsrat und die Generalversammlung der Vereinten Nationen starten.\u201c<\/p>\n\n\n<p><em>Tradu\u00e7\u00e3o via Google Tradutor<\/em><\/p>\n\n\n<p><strong>Os EUA est\u00e3o cometendo terrorismo de Estado!<br><\/strong><br><em>O presidente do Partido da Esquerda, Jan van Aken, condena os ataques dos EUA \u00e0 Venezuela e o sequestro do presidente Nicol\u00e1s Maduro como terrorismo de Estado, em viola\u00e7\u00e3o do direito internacional:<br><br>\u201cQualquer pessoa que, como Trump, viole o direito internacional e mande sequestrar presidentes est\u00e1 cometendo terrorismo de Estado brutal. N\u00e3o pode haver dois pesos e duas medidas em guerras de agress\u00e3o que violam o direito internacional. Quem sanciona Putin tamb\u00e9m deve sancionar Trump. O governo alem\u00e3o deve iniciar imediatamente uma campanha de condena\u00e7\u00e3o do ataque dos EUA pelo Conselho de Seguran\u00e7a da ONU e pela Assembleia Geral.\u201d<\/em><\/p>\n\n\n<pre id=\"tw-target-text\" class=\"wp-block-preformatted\"><\/pre>\n","protected":false},"excerpt":{"rendered":"<p>Nota do Die Linke, Partido da Esquerda da Alemanha Die USA betreiben Staatsterrorismus! Der Vorsitzende der Partei Die Linke, Jan van Aken, verurteilt die v\u00f6lkerrechtswidrigen Angriffe auf Venezuela und die Entf\u00fchrung von Pr\u00e4sident Nicol\u00e1s Maduro durch die USA als Staatsterrorismus: \u201eWer wie Trump das V\u00f6lkerrecht bricht und Pr\u00e4sidenten entf\u00fchren l\u00e4sst, der betreibt brutalen Staatsterrorismus. Bei [&hellip;]<\/p>\n","protected":false},"author":92,"featured_media":131494,"comment_status":"closed","ping_status":"closed","sticky":false,"template":"","format":"standard","meta":{"_eb_attr":"","footnotes":""},"categories":[7006],"tags":[8337,8338,8339,6614],"area":[122],"coluna":[],"decada":[],"edicao":[],"localidade":[7425,7427],"marcador_especial":[],"projeto":[],"tema":[222,208,228],"coauthors":[7007],"class_list":["post-115528","post","type-post","status-publish","format-standard","has-post-thumbnail","hentry","category-new","tag-destaques","tag-cap-emilio","tag-eua","tag-venezuela","area-cooperacao-internacional","localidade-usa","localidade-venezuela","tema-foreign-policy","tema-international","tema-society"],"ai_analise_foto_capa":"*T\u00edtulo*: Die Linke: M\u00e3os Fora da Venezuela! Contra o Terrorismo de Estado\n\n*Resumo Sem\u00e2ntico*: A imagem \u00e9 um p\u00f4ster pol\u00edtico da organiza\u00e7\u00e3o alem\u00e3 \"Die Linke\" (A Esquerda), que expressa uma forte indigna\u00e7\u00e3o e condena\u00e7\u00e3o contra a interven\u00e7\u00e3o externa na Venezuela, caracterizando-a como \"terrorismo de estado\". O sentimento \u00e9 de urg\u00eancia e protesto anti-imperialista. A pe\u00e7a visualmente impactante apresenta Donald Trump em primeiro plano, com uma express\u00e3o intensa e de fala, simbolizando a figura por tr\u00e1s das pol\u00edticas criticadas. Ao fundo, elementos como uma plataforma de petr\u00f3leo, helic\u00f3pteros militares e uma cidade em chamas ou sob um c\u00e9u laranja vibrante (sugerindo explos\u00f5es ou um p\u00f4r do sol apocal\u00edptico) remetem a motivos econ\u00f4micos (petr\u00f3leo) e \u00e0s consequ\u00eancias devastadoras de uma interven\u00e7\u00e3o militar. O p\u00fablico-alvo s\u00e3o eleitores de esquerda, ativistas anti-guerra, defensores do direito internacional e da soberania dos povos, e aqueles cr\u00edticos \u00e0 pol\u00edtica externa dos EUA.\n\n*Descri\u00e7\u00e3o SEO*: P\u00f4ster pol\u00edtico \"Die Linke\" denuncia interven\u00e7\u00e3o dos EUA na Venezuela. Imagem de Donald Trump, plataformas de petr\u00f3leo e helic\u00f3pteros simbolizam terrorismo de estado e viola\u00e7\u00e3o do direito internacional. Mensagem \"M\u00e3os Fora da Venezuela!\" e condena\u00e7\u00e3o expl\u00edcita de quem \"quebra o direito internacional e sequestra presidentes\". Perfeito para artigos sobre geopol\u00edtica, anti-imperialismo e direitos humanos.\n\n*Texto na Imagem*:\nDie Linke\nHands Off Venezuela!\nWer das V\u00f6lkerrecht bricht und Pr\u00e4sidenten entf\u00fchrt, betreibt Staatsterrorismus!\nBildnachweis: IMAGO \/ ABACAPRESS, iStockPhotos \/ bymuratdeniz, X \/ @genesispinof\n\n*Elementos Visuais*:\n*   **Cores Predominantes:** Vermelho (texto principal, logo), Laranja e Amarelo (c\u00e9u, explos\u00f5es\/fogo, p\u00f4r do sol), Preto\/Cinza escuro (silhuetas de helic\u00f3pteros, plataforma de petr\u00f3leo, edif\u00edcios), Branco (cabelo de Trump, texto secund\u00e1rio), Azul marinho (terno de Trump).\n*   **Pessoas:** Donald Trump (em primeiro plano, com uma express\u00e3o veemente e gesticulando).\n*   **Objetos:** Plataforma de extra\u00e7\u00e3o de petr\u00f3leo (bomb-jack), helic\u00f3pteros militares (silhuetas), edif\u00edcios de uma cidade (silhuetas).\n*   **S\u00edmbolos:** O logo \"Die Linke\" (partido pol\u00edtico de esquerda alem\u00e3o), o punho cerrado de Trump (poder, agress\u00e3o), o fogo\/explos\u00f5es (conflito, destrui\u00e7\u00e3o), a plataforma de petr\u00f3leo (interesses econ\u00f4micos), helic\u00f3pteros militares (interven\u00e7\u00e3o, guerra), a cor vermelha dominante (alerta, perigo, protesto, socialismo).\n\n*Keywords*: Die Linke, Venezuela, Donald Trump, imperialismo, interven\u00e7\u00e3o, terrorismo de estado, geopol\u00edtica, petr\u00f3leo, direitos humanos, anti-guerra, pol\u00edtica externa, Am\u00e9rica Latina, soberania, protesto, cr\u00edtica.\n\n*Hashtags*: #HandsOffVenezuela, #DieLinke, #VenezuelaLibre, #AntiImperialismo, #TerrorismoDeEstado, #DireitoInternacional, #ForaTrump, #PazNoMundo, #AmericaLatina, #NaoAIntervencao","ai_analise_outros_anexos":"","_links":{"self":[{"href":"https:\/\/fpabramo.org.br\/en\/wp-json\/wp\/v2\/posts\/115528","targetHints":{"allow":["GET"]}}],"collection":[{"href":"https:\/\/fpabramo.org.br\/en\/wp-json\/wp\/v2\/posts"}],"about":[{"href":"https:\/\/fpabramo.org.br\/en\/wp-json\/wp\/v2\/types\/post"}],"author":[{"embeddable":true,"href":"https:\/\/fpabramo.org.br\/en\/wp-json\/wp\/v2\/users\/92"}],"replies":[{"embeddable":true,"href":"https:\/\/fpabramo.org.br\/en\/wp-json\/wp\/v2\/comments?post=115528"}],"version-history":[{"count":1,"href":"https:\/\/fpabramo.org.br\/en\/wp-json\/wp\/v2\/posts\/115528\/revisions"}],"predecessor-version":[{"id":229809,"href":"https:\/\/fpabramo.org.br\/en\/wp-json\/wp\/v2\/posts\/115528\/revisions\/229809"}],"wp:featuredmedia":[{"embeddable":true,"href":"https:\/\/fpabramo.org.br\/en\/wp-json\/wp\/v2\/media\/131494"}],"wp:attachment":[{"href":"https:\/\/fpabramo.org.br\/en\/wp-json\/wp\/v2\/media?parent=115528"}],"wp:term":[{"taxonomy":"category","embeddable":true,"href":"https:\/\/fpabramo.org.br\/en\/wp-json\/wp\/v2\/categories?post=115528"},{"taxonomy":"post_tag","embeddable":true,"href":"https:\/\/fpabramo.org.br\/en\/wp-json\/wp\/v2\/tags?post=115528"},{"taxonomy":"area","embeddable":true,"href":"https:\/\/fpabramo.org.br\/en\/wp-json\/wp\/v2\/area?post=115528"},{"taxonomy":"coluna","embeddable":true,"href":"https:\/\/fpabramo.org.br\/en\/wp-json\/wp\/v2\/coluna?post=115528"},{"taxonomy":"decada","embeddable":true,"href":"https:\/\/fpabramo.org.br\/en\/wp-json\/wp\/v2\/decada?post=115528"},{"taxonomy":"edicao","embeddable":true,"href":"https:\/\/fpabramo.org.br\/en\/wp-json\/wp\/v2\/edicao?post=115528"},{"taxonomy":"localidade","embeddable":true,"href":"https:\/\/fpabramo.org.br\/en\/wp-json\/wp\/v2\/localidade?post=115528"},{"taxonomy":"marcador_especial","embeddable":true,"href":"https:\/\/fpabramo.org.br\/en\/wp-json\/wp\/v2\/marcador_especial?post=115528"},{"taxonomy":"projeto","embeddable":true,"href":"https:\/\/fpabramo.org.br\/en\/wp-json\/wp\/v2\/projeto?post=115528"},{"taxonomy":"tema","embeddable":true,"href":"https:\/\/fpabramo.org.br\/en\/wp-json\/wp\/v2\/tema?post=115528"},{"taxonomy":"author","embeddable":true,"href":"https:\/\/fpabramo.org.br\/en\/wp-json\/wp\/v2\/coauthors?post=115528"}],"curies":[{"name":"wp","href":"https:\/\/api.w.org\/{rel}","templated":true}]}}