{"id":115520,"date":"2026-01-03T21:27:32","date_gmt":"2026-01-04T00:27:32","guid":{"rendered":"https:\/\/fpabramo.org.br\/2026\/01\/03\/pcp-fim-a-agressao-militar-dos-eua-contra-a-venezuela-pela-paz-na-america-latina-e-caraibas\/"},"modified":"2026-05-26T10:48:13","modified_gmt":"2026-05-26T13:48:13","slug":"pcp-fim-a-agressao-militar-dos-eua-contra-a-venezuela-pela-paz-na-america-latina-e-caraibas","status":"publish","type":"post","link":"https:\/\/fpabramo.org.br\/en\/pcp-fim-a-agressao-militar-dos-eua-contra-a-venezuela-pela-paz-na-america-latina-e-caraibas\/","title":{"rendered":"PCP: Fim \u00e0 agress\u00e3o militar dos EUA contra a Venezuela \u2013 Pela Paz na Am\u00e9rica Latina e Cara\u00edbas"},"content":{"rendered":"\n<p>O <a><\/a>PCP condena veementemente a agress\u00e3o militar contra a Rep\u00fablica Bolivariana da Venezuela e o sequestro do Presidente Nicol\u00e1s Maduro e da sua esposa por parte dos EUA, o que constitui uma grav\u00edssima viola\u00e7\u00e3o do direito internacional.<\/p>\n\n\n<p>O PCP insta ao fim da agress\u00e3o militar e \u00e0 imediata liberta\u00e7\u00e3o do Presidente da Venezuela e demais cidad\u00e3os venezuelanos pelos EUA.<\/p>\n\n\n<p>A agress\u00e3o dos EUA visa impor o dom\u00ednio sobre a Venezuela e o saque dos seus imensos recursos, nomeadamente do petr\u00f3leo, e representa uma amea\u00e7a \u00e0 soberania e aos direitos dos outros povos da Am\u00e9rica Latina e Cara\u00edbas e de todo o mundo, como mostram os bombardeamentos dos EUA a pa\u00edses do M\u00e9dio Oriente e de \u00c1frica.<\/p>\n\n\n<p>O Governo portugu\u00eas deve condenar de forma clara a agress\u00e3o militar dos EUA, que atenta contra a soberania da Rep\u00fablica Bolivariana da Venezuela, os direitos do povo venezuelano, incluindo da comunidade portuguesa neste pa\u00eds.<\/p>\n\n\n<p>O PCP apela \u00e0 express\u00e3o da solidariedade com a Venezuela bolivariana e com a luta do povo venezuelano em defesa da paz e do direito a determinar soberanamente o seu pr\u00f3prio caminho<br><br>PCP &#8211; Partido Comunista Portugu\u00eas<br>3 de janeiro de 2026<\/p>\n","protected":false},"excerpt":{"rendered":"<p>O PCP condena veementemente a agress\u00e3o militar contra a Rep\u00fablica Bolivariana da Venezuela e o sequestro do Presidente Nicol\u00e1s Maduro e da sua esposa por parte dos EUA, o que constitui uma grav\u00edssima viola\u00e7\u00e3o do direito internacional. O PCP insta ao fim da agress\u00e3o militar e \u00e0 imediata liberta\u00e7\u00e3o do Presidente da Venezuela e demais [&hellip;]<\/p>\n","protected":false},"author":92,"featured_media":131488,"comment_status":"closed","ping_status":"closed","sticky":false,"template":"","format":"standard","meta":{"_eb_attr":"","footnotes":""},"categories":[7006],"tags":[8337,8338,8339,6614],"area":[122],"coluna":[],"decada":[],"edicao":[],"localidade":[7425,7427],"marcador_especial":[],"projeto":[],"tema":[222,208,228],"coauthors":[7007],"class_list":["post-115520","post","type-post","status-publish","format-standard","has-post-thumbnail","hentry","category-new","tag-destaques","tag-cap-emilio","tag-eua","tag-venezuela","area-cooperacao-internacional","localidade-usa","localidade-venezuela","tema-foreign-policy","tema-international","tema-society"],"ai_analise_foto_capa":"*T\u00edtulo*: Fim \u00e0 Agress\u00e3o EUA contra Venezuela\n*Resumo Sem\u00e2ntico*: A imagem comunica um sentimento de indigna\u00e7\u00e3o e urg\u00eancia, denunciando a agress\u00e3o dos Estados Unidos contra a Venezuela. O visual apresenta uma cena de conflito, com chamas e fuma\u00e7a em um ambiente urbano escuro, evocando destrui\u00e7\u00e3o e resist\u00eancia. O texto principal refor\u00e7a a mensagem pol\u00edtica anti-imperialista, complementado por uma \"NOTA DE IMPRENSA\" e um convite para \"Partilha\". O logotipo do PCP (Partido Comunista Portugu\u00eas) indica a origem da declara\u00e7\u00e3o, direcionando-se a um p\u00fablico engajado com a pol\u00edtica internacional, movimentos anti-imperialistas, solidariedade com a Venezuela e membros\/simpatizantes de partidos de esquerda.\n*Descri\u00e7\u00e3o SEO*: Publica\u00e7\u00e3o do PCP denuncia a agress\u00e3o dos EUA contra a Venezuela. Imagem de capa com chamas e fuma\u00e7a ilustra o conflito, pedindo o fim do imperialismo. Saiba mais na nota de imprensa sobre a solidariedade e a luta pela soberania. Compartilhe esta mensagem anti-imperialista e apoie a Venezuela.\n*Texto na Imagem*: FIM \u00c0 AGRESS\u00c3O DOS EUA CONTRA A VENEZUELA NOTA DE IMPRENSA Partilha PCP\n*Elementos Visuais*: Cores predominantes: tons escuros de preto e cinza-azulado no c\u00e9u e fuma\u00e7a, laranja e amarelo brilhantes do fogo, branco do texto, vermelho no logotipo do PCP. Pessoas: N\u00e3o h\u00e1 pessoas claramente vis\u00edveis, mas a cena de conflito implica impacto humano. Objetos: Silhuetas de edifica\u00e7\u00f5es urbanas, chamas intensas, fuma\u00e7a densa. S\u00edmbolos: Logotipo do PCP (Partido Comunista Portugu\u00eas) com foice e martelo, texto como mensagem pol\u00edtica de protesto.\n*Keywords*: Venezuela, Estados Unidos, agress\u00e3o, imperialismo, solidariedade, pol\u00edtica internacional, protesto, comunismo, PCP, soberania, conflito, Am\u00e9rica Latina, resist\u00eancia, imprensa, interven\u00e7\u00e3o\n*Hashtags*: #FimAAgressaoEUA, #VenezuelaSoberana, #ForaImperialismo, #SolidariedadeInternacional, #PCP, #AntiImperialismo, #AmericaLatina, #NaoAIntervencao, #PazESoberania, #LutaPorDireitos","ai_analise_outros_anexos":"","_links":{"self":[{"href":"https:\/\/fpabramo.org.br\/en\/wp-json\/wp\/v2\/posts\/115520","targetHints":{"allow":["GET"]}}],"collection":[{"href":"https:\/\/fpabramo.org.br\/en\/wp-json\/wp\/v2\/posts"}],"about":[{"href":"https:\/\/fpabramo.org.br\/en\/wp-json\/wp\/v2\/types\/post"}],"author":[{"embeddable":true,"href":"https:\/\/fpabramo.org.br\/en\/wp-json\/wp\/v2\/users\/92"}],"replies":[{"embeddable":true,"href":"https:\/\/fpabramo.org.br\/en\/wp-json\/wp\/v2\/comments?post=115520"}],"version-history":[{"count":1,"href":"https:\/\/fpabramo.org.br\/en\/wp-json\/wp\/v2\/posts\/115520\/revisions"}],"predecessor-version":[{"id":212533,"href":"https:\/\/fpabramo.org.br\/en\/wp-json\/wp\/v2\/posts\/115520\/revisions\/212533"}],"wp:featuredmedia":[{"embeddable":true,"href":"https:\/\/fpabramo.org.br\/en\/wp-json\/wp\/v2\/media\/131488"}],"wp:attachment":[{"href":"https:\/\/fpabramo.org.br\/en\/wp-json\/wp\/v2\/media?parent=115520"}],"wp:term":[{"taxonomy":"category","embeddable":true,"href":"https:\/\/fpabramo.org.br\/en\/wp-json\/wp\/v2\/categories?post=115520"},{"taxonomy":"post_tag","embeddable":true,"href":"https:\/\/fpabramo.org.br\/en\/wp-json\/wp\/v2\/tags?post=115520"},{"taxonomy":"area","embeddable":true,"href":"https:\/\/fpabramo.org.br\/en\/wp-json\/wp\/v2\/area?post=115520"},{"taxonomy":"coluna","embeddable":true,"href":"https:\/\/fpabramo.org.br\/en\/wp-json\/wp\/v2\/coluna?post=115520"},{"taxonomy":"decada","embeddable":true,"href":"https:\/\/fpabramo.org.br\/en\/wp-json\/wp\/v2\/decada?post=115520"},{"taxonomy":"edicao","embeddable":true,"href":"https:\/\/fpabramo.org.br\/en\/wp-json\/wp\/v2\/edicao?post=115520"},{"taxonomy":"localidade","embeddable":true,"href":"https:\/\/fpabramo.org.br\/en\/wp-json\/wp\/v2\/localidade?post=115520"},{"taxonomy":"marcador_especial","embeddable":true,"href":"https:\/\/fpabramo.org.br\/en\/wp-json\/wp\/v2\/marcador_especial?post=115520"},{"taxonomy":"projeto","embeddable":true,"href":"https:\/\/fpabramo.org.br\/en\/wp-json\/wp\/v2\/projeto?post=115520"},{"taxonomy":"tema","embeddable":true,"href":"https:\/\/fpabramo.org.br\/en\/wp-json\/wp\/v2\/tema?post=115520"},{"taxonomy":"author","embeddable":true,"href":"https:\/\/fpabramo.org.br\/en\/wp-json\/wp\/v2\/coauthors?post=115520"}],"curies":[{"name":"wp","href":"https:\/\/api.w.org\/{rel}","templated":true}]}}