{"id":30598,"date":"2017-09-25T14:33:45","date_gmt":"2017-09-25T17:33:45","guid":{"rendered":"https:\/\/fpabramo.org.br\/acervosocial\/?p=30598"},"modified":"2022-05-10T23:37:55","modified_gmt":"2022-05-11T02:37:55","slug":"editoria-seguranca-alimentar-nutricao","status":"publish","type":"post","link":"https:\/\/fpabramo.org.br\/acervosocial\/2017\/09\/25\/editoria-seguranca-alimentar-nutricao\/","title":{"rendered":"Seguran\u00e7a alimentar e nutri\u00e7\u00e3o"},"content":{"rendered":"<p><\/p>\n<p>Aqui est\u00e3o publica\u00e7\u00f5es sobre Plano Nacional de Seguran\u00e7a Alimentar e Nutri\u00e7\u00e3o, indicadores de alimenta\u00e7\u00e3o, educa\u00e7\u00e3o alimentar, programas em escolas, restaurantes populares, arranjos produtivos e agricultura familiar.<\/p>\n<h3><a href=\"https:\/\/fpabramo.org.br\/acervosocial\/editorias\/seguranca-alimentar\/\">Confira a cole\u00e7\u00e3o completa.<\/a><\/h3>\n<p><\/p>\n","protected":false},"excerpt":{"rendered":"<p>Aqui est\u00e3o publica\u00e7\u00f5es sobre Plano Nacional de Seguran\u00e7a Alimentar e Nutri\u00e7\u00e3o, indicadores de alimenta\u00e7\u00e3o, educa\u00e7\u00e3o alimentar, programas em escolas, restaurantes populares, arranjos produtivos e agricultura familiar. Confira a cole\u00e7\u00e3o completa.<\/p>\n","protected":false},"author":4,"featured_media":30611,"comment_status":"open","ping_status":"open","sticky":false,"template":"","format":"standard","meta":{"_daextam_enable_autolinks":"","footnotes":""},"categories":[],"tags":[],"editorias":[],"edicaodehome":[],"class_list":["post-30598","post","type-post","status-publish","format-standard","has-post-thumbnail","hentry"],"wpcf-autordiretor":"","meta_authors":"Seguran\u00e7a alimentar e nutri\u00e7\u00e3o","colunistas":"","image_credit":"","_links":{"self":[{"href":"https:\/\/fpabramo.org.br\/acervosocial\/wp-json\/wp\/v2\/posts\/30598","targetHints":{"allow":["GET"]}}],"collection":[{"href":"https:\/\/fpabramo.org.br\/acervosocial\/wp-json\/wp\/v2\/posts"}],"about":[{"href":"https:\/\/fpabramo.org.br\/acervosocial\/wp-json\/wp\/v2\/types\/post"}],"author":[{"embeddable":true,"href":"https:\/\/fpabramo.org.br\/acervosocial\/wp-json\/wp\/v2\/users\/4"}],"replies":[{"embeddable":true,"href":"https:\/\/fpabramo.org.br\/acervosocial\/wp-json\/wp\/v2\/comments?post=30598"}],"version-history":[{"count":7,"href":"https:\/\/fpabramo.org.br\/acervosocial\/wp-json\/wp\/v2\/posts\/30598\/revisions"}],"predecessor-version":[{"id":31379,"href":"https:\/\/fpabramo.org.br\/acervosocial\/wp-json\/wp\/v2\/posts\/30598\/revisions\/31379"}],"wp:featuredmedia":[{"embeddable":true,"href":"https:\/\/fpabramo.org.br\/acervosocial\/wp-json\/wp\/v2\/media\/30611"}],"wp:attachment":[{"href":"https:\/\/fpabramo.org.br\/acervosocial\/wp-json\/wp\/v2\/media?parent=30598"}],"wp:term":[{"taxonomy":"category","embeddable":true,"href":"https:\/\/fpabramo.org.br\/acervosocial\/wp-json\/wp\/v2\/categories?post=30598"},{"taxonomy":"post_tag","embeddable":true,"href":"https:\/\/fpabramo.org.br\/acervosocial\/wp-json\/wp\/v2\/tags?post=30598"},{"taxonomy":"editorias","embeddable":true,"href":"https:\/\/fpabramo.org.br\/acervosocial\/wp-json\/wp\/v2\/editorias?post=30598"},{"taxonomy":"edicaodehome","embeddable":true,"href":"https:\/\/fpabramo.org.br\/acervosocial\/wp-json\/wp\/v2\/edicaodehome?post=30598"}],"curies":[{"name":"wp","href":"https:\/\/api.w.org\/{rel}","templated":true}]}}