{"id":13,"count":42,"description":"Inclus\u00e3o produtiva \u2013 42 t\u00edtulos\r\n\r\nAqui est\u00e3o as publica\u00e7\u00f5es sobre estudos e projetos sobre gera\u00e7\u00e3o de emprego e renda, como o Pronatec, para as mulheres e os jovens, levantamentos de arranjos produtivos locais urbanos e rurais, e estudos sobre agricultura familiar","link":"https:\/\/fpabramo.org.br\/acervosocial\/editorias\/inclusao-produtiva\/","name":"Inclus\u00e3o produtiva","slug":"inclusao-produtiva","taxonomy":"editorias","parent":0,"meta":[],"_links":{"self":[{"href":"https:\/\/fpabramo.org.br\/acervosocial\/wp-json\/wp\/v2\/editorias\/13","targetHints":{"allow":["GET"]}}],"collection":[{"href":"https:\/\/fpabramo.org.br\/acervosocial\/wp-json\/wp\/v2\/editorias"}],"about":[{"href":"https:\/\/fpabramo.org.br\/acervosocial\/wp-json\/wp\/v2\/taxonomies\/editorias"}],"wp:post_type":[{"href":"https:\/\/fpabramo.org.br\/acervosocial\/wp-json\/wp\/v2\/posts?editorias=13"},{"href":"https:\/\/fpabramo.org.br\/acervosocial\/wp-json\/wp\/v2\/tv-fpa?editorias=13"},{"href":"https:\/\/fpabramo.org.br\/acervosocial\/wp-json\/wp\/v2\/event?editorias=13"},{"href":"https:\/\/fpabramo.org.br\/acervosocial\/wp-json\/wp\/v2\/estante?editorias=13"}],"curies":[{"name":"wp","href":"https:\/\/api.w.org\/{rel}","templated":true}]}}