{"id":11,"count":86,"description":"Seguran\u00e7a alimentar e nutri\u00e7\u00e3o \u2013 86 t\u00edtulos\r\n\r\nAqui est\u00e3o publica\u00e7\u00f5es sobre Plano Nacional de Seguran\u00e7a Alimentar e Nutri\u00e7\u00e3o, indicadores de alimenta\u00e7\u00e3o, educa\u00e7\u00e3o alimentar, programas em escolas, restaurantes populares, arranjos produtivos e agricultura familiar.","link":"https:\/\/fpabramo.org.br\/acervosocial\/editorias\/seguranca-alimentar\/","name":"Seguran\u00e7a alimentar e nutricional","slug":"seguranca-alimentar","taxonomy":"editorias","parent":0,"meta":[],"_links":{"self":[{"href":"https:\/\/fpabramo.org.br\/acervosocial\/wp-json\/wp\/v2\/editorias\/11","targetHints":{"allow":["GET"]}}],"collection":[{"href":"https:\/\/fpabramo.org.br\/acervosocial\/wp-json\/wp\/v2\/editorias"}],"about":[{"href":"https:\/\/fpabramo.org.br\/acervosocial\/wp-json\/wp\/v2\/taxonomies\/editorias"}],"wp:post_type":[{"href":"https:\/\/fpabramo.org.br\/acervosocial\/wp-json\/wp\/v2\/posts?editorias=11"},{"href":"https:\/\/fpabramo.org.br\/acervosocial\/wp-json\/wp\/v2\/tv-fpa?editorias=11"},{"href":"https:\/\/fpabramo.org.br\/acervosocial\/wp-json\/wp\/v2\/event?editorias=11"},{"href":"https:\/\/fpabramo.org.br\/acervosocial\/wp-json\/wp\/v2\/estante?editorias=11"}],"curies":[{"name":"wp","href":"https:\/\/api.w.org\/{rel}","templated":true}]}}